{"id":1001,"date":"2023-04-14T08:08:04","date_gmt":"2023-04-14T06:08:04","guid":{"rendered":"https:\/\/aubertin.fr\/?p=1001"},"modified":"2023-04-14T08:08:05","modified_gmt":"2023-04-14T06:08:05","slug":"deces-de-madame-anna-baudorre","status":"publish","type":"post","link":"https:\/\/aubertin.fr\/index.php\/2023\/04\/14\/deces-de-madame-anna-baudorre\/","title":{"rendered":"D\u00e9c\u00e8s de Madame Anna Baudorre"},"content":{"rendered":"\n<p>Madame Anna Baudorre est d\u00e9c\u00e9d\u00e9e dans sa 95\u00e8me ann\u00e9es.<\/p>\n\n\n\n<p>Les obs\u00e8ques se d\u00e9rouleront \u00e0 l\u2019\u00e9glise d\u2019Aubertin le lundi 17 avril \u00e0 10H30<\/p>\n\n\n\n<p>Le conseil municipal pr\u00e9sente ses sinc\u00e8res condol\u00e9ances et s&rsquo;associe \u00e0 la peine de la famille.<\/p>\n","protected":false},"excerpt":{"rendered":"<p>Madame Anna Baudorre est d\u00e9c\u00e9d\u00e9e dans sa 95\u00e8me ann\u00e9es. Les obs\u00e8ques se d\u00e9rouleront \u00e0 l\u2019\u00e9glise d\u2019Aubertin le lundi 17 avril \u00e0 10H30 Le conseil municipal pr\u00e9sente ses sinc\u00e8res condol\u00e9ances et s&rsquo;associe \u00e0 la peine de la famille.<\/p>\n","protected":false},"author":3,"featured_media":926,"comment_status":"closed","ping_status":"closed","sticky":false,"template":"","format":"standard","meta":{"footnotes":""},"categories":[1],"tags":[],"class_list":["post-1001","post","type-post","status-publish","format-standard","has-post-thumbnail","hentry","category-non-classe","item-wrap"],"_links":{"self":[{"href":"https:\/\/aubertin.fr\/index.php\/wp-json\/wp\/v2\/posts\/1001","targetHints":{"allow":["GET"]}}],"collection":[{"href":"https:\/\/aubertin.fr\/index.php\/wp-json\/wp\/v2\/posts"}],"about":[{"href":"https:\/\/aubertin.fr\/index.php\/wp-json\/wp\/v2\/types\/post"}],"author":[{"embeddable":true,"href":"https:\/\/aubertin.fr\/index.php\/wp-json\/wp\/v2\/users\/3"}],"replies":[{"embeddable":true,"href":"https:\/\/aubertin.fr\/index.php\/wp-json\/wp\/v2\/comments?post=1001"}],"version-history":[{"count":1,"href":"https:\/\/aubertin.fr\/index.php\/wp-json\/wp\/v2\/posts\/1001\/revisions"}],"predecessor-version":[{"id":1002,"href":"https:\/\/aubertin.fr\/index.php\/wp-json\/wp\/v2\/posts\/1001\/revisions\/1002"}],"wp:featuredmedia":[{"embeddable":true,"href":"https:\/\/aubertin.fr\/index.php\/wp-json\/wp\/v2\/media\/926"}],"wp:attachment":[{"href":"https:\/\/aubertin.fr\/index.php\/wp-json\/wp\/v2\/media?parent=1001"}],"wp:term":[{"taxonomy":"category","embeddable":true,"href":"https:\/\/aubertin.fr\/index.php\/wp-json\/wp\/v2\/categories?post=1001"},{"taxonomy":"post_tag","embeddable":true,"href":"https:\/\/aubertin.fr\/index.php\/wp-json\/wp\/v2\/tags?post=1001"}],"curies":[{"name":"wp","href":"https:\/\/api.w.org\/{rel}","templated":true}]}}