{"id":1200,"date":"2023-05-17T20:16:00","date_gmt":"2023-05-17T18:16:00","guid":{"rendered":"https:\/\/aubertin.fr\/?p=1200"},"modified":"2023-05-17T12:18:24","modified_gmt":"2023-05-17T10:18:24","slug":"demi-journee-de-recrutement-adhap-25-mai-2023","status":"publish","type":"post","link":"https:\/\/aubertin.fr\/index.php\/2023\/05\/17\/demi-journee-de-recrutement-adhap-25-mai-2023\/","title":{"rendered":"DEMI JOURNEE DE RECRUTEMENT &#8211; ADHAP &#8211; 25 MAI 2023"},"content":{"rendered":"\n<p>La Communaut\u00e9 d\u2019Agglom\u00e9ration Pau B\u00e9arn Pyr\u00e9n\u00e9es et A.CO.R organisent une demi-journ\u00e9e&nbsp;de recrutement avec&nbsp;ADHAP pour des postes d\u2019assistants m\u00e9nagers et des assistants de vie en CDI et en CDD.<\/p>\n\n\n\n<p>RDV le&nbsp;<strong>jeudi 25 mai 2023<\/strong>&nbsp;\u2013 MATIN<\/p>\n\n\n\n<p>(selon horaire de RDV fix\u00e9 lors de l\u2019inscription)<\/p>\n\n\n\n<p>A l\u2019agence ACOR<\/p>\n\n\n\n<p>15 avenue Jean Mermoz<\/p>\n\n\n\n<p>64000 PAU<\/p>\n\n\n\n<p><strong><u>Attention&nbsp;!<\/u><\/strong><\/p>\n\n\n\n<p><strong>Afin de respecter les protocoles sanitaires, nous fixerons un horaire de RDV individuel lors de l\u2019inscription par t\u00e9l\u00e9phone.<\/strong><\/p>\n\n\n\n<p><strong>Le nombre de places \u00e9tant limit\u00e9<\/strong><strong>, ce sont les candidats eux-m\u00eames qui devront s\u2019inscrire en appelant au 05.59.82.82.02,<\/strong>&nbsp;<strong>et s\u2019assurer d\u2019\u00eatre disponibles le jour de l\u2019\u00e9v\u00e9nement.<\/strong><\/p>\n\n\n\n<p>Vous trouverez ci-joint le d\u00e9tail des offres d\u2019emploi ainsi que l\u2019affiche de l\u2019\u00e9v\u00e8nement pour impression et affichage.<\/p>\n\n\n\n<div data-wp-interactive=\"core\/file\" class=\"wp-block-file\"><object data-wp-bind--hidden=\"!state.hasPdfPreview\" hidden class=\"wp-block-file__embed\" data=\"http:\/\/aubertin.fr\/wp-content\/uploads\/2023\/05\/OE-ADHAP.pdf\" type=\"application\/pdf\" style=\"width:100%;height:600px\" aria-label=\"Contenu embarqu\u00e9 OE ADHAP.\"><\/object><a id=\"wp-block-file--media-9ab77603-3ece-44a8-9f78-645025062ad1\" href=\"http:\/\/aubertin.fr\/wp-content\/uploads\/2023\/05\/OE-ADHAP.pdf\">OE ADHAP<\/a><a href=\"http:\/\/aubertin.fr\/wp-content\/uploads\/2023\/05\/OE-ADHAP.pdf\" class=\"wp-block-file__button wp-element-button\" download aria-describedby=\"wp-block-file--media-9ab77603-3ece-44a8-9f78-645025062ad1\">T\u00e9l\u00e9charger<\/a><\/div>\n","protected":false},"excerpt":{"rendered":"<p>La Communaut\u00e9 d\u2019Agglom\u00e9ration Pau B\u00e9arn Pyr\u00e9n\u00e9es et A.CO.R organisent une demi-journ\u00e9e&nbsp;de recrutement avec&nbsp;ADHAP pour des postes d\u2019assistants m\u00e9nagers et des assistants de vie en CDI et en CDD. RDV le&nbsp;jeudi 25 mai 2023&nbsp;\u2013 MATIN (selon horaire de RDV fix\u00e9 lors de l\u2019inscription) A l\u2019agence ACOR 15 avenue Jean Mermoz 64000 PAU Attention&nbsp;! Afin de respecter &hellip; <\/p>\n<p><a class=\"more-link btn\" href=\"https:\/\/aubertin.fr\/index.php\/2023\/05\/17\/demi-journee-de-recrutement-adhap-25-mai-2023\/\">Lire la suite<\/a><\/p>\n","protected":false},"author":3,"featured_media":1202,"comment_status":"closed","ping_status":"closed","sticky":false,"template":"","format":"standard","meta":{"footnotes":""},"categories":[1],"tags":[],"class_list":["post-1200","post","type-post","status-publish","format-standard","has-post-thumbnail","hentry","category-non-classe","item-wrap"],"_links":{"self":[{"href":"https:\/\/aubertin.fr\/index.php\/wp-json\/wp\/v2\/posts\/1200","targetHints":{"allow":["GET"]}}],"collection":[{"href":"https:\/\/aubertin.fr\/index.php\/wp-json\/wp\/v2\/posts"}],"about":[{"href":"https:\/\/aubertin.fr\/index.php\/wp-json\/wp\/v2\/types\/post"}],"author":[{"embeddable":true,"href":"https:\/\/aubertin.fr\/index.php\/wp-json\/wp\/v2\/users\/3"}],"replies":[{"embeddable":true,"href":"https:\/\/aubertin.fr\/index.php\/wp-json\/wp\/v2\/comments?post=1200"}],"version-history":[{"count":2,"href":"https:\/\/aubertin.fr\/index.php\/wp-json\/wp\/v2\/posts\/1200\/revisions"}],"predecessor-version":[{"id":1204,"href":"https:\/\/aubertin.fr\/index.php\/wp-json\/wp\/v2\/posts\/1200\/revisions\/1204"}],"wp:featuredmedia":[{"embeddable":true,"href":"https:\/\/aubertin.fr\/index.php\/wp-json\/wp\/v2\/media\/1202"}],"wp:attachment":[{"href":"https:\/\/aubertin.fr\/index.php\/wp-json\/wp\/v2\/media?parent=1200"}],"wp:term":[{"taxonomy":"category","embeddable":true,"href":"https:\/\/aubertin.fr\/index.php\/wp-json\/wp\/v2\/categories?post=1200"},{"taxonomy":"post_tag","embeddable":true,"href":"https:\/\/aubertin.fr\/index.php\/wp-json\/wp\/v2\/tags?post=1200"}],"curies":[{"name":"wp","href":"https:\/\/api.w.org\/{rel}","templated":true}]}}