{"id":1327,"date":"2023-06-20T06:41:19","date_gmt":"2023-06-20T04:41:19","guid":{"rendered":"http:\/\/aubertin.fr\/?p=1327"},"modified":"2023-06-20T06:41:21","modified_gmt":"2023-06-20T04:41:21","slug":"journee-des-metiers-de-lindustrie-a-pau-lundi-26-juin-de-9h-a-16h","status":"publish","type":"post","link":"https:\/\/aubertin.fr\/index.php\/2023\/06\/20\/journee-des-metiers-de-lindustrie-a-pau-lundi-26-juin-de-9h-a-16h\/","title":{"rendered":"Journ\u00e9e des M\u00e9tiers de l&rsquo;Industrie \u00e0 Pau &#8211; Lundi 26 juin de 9h \u00e0 16h"},"content":{"rendered":"\n<p>Le Club Emploi et D\u00e9veloppement du Hameau et Saragosse et la Cit\u00e9 de l&rsquo;Emploi organisent, en partenariat avec l&rsquo;UIMM et P\u00f4le Emploi, un \u00e9v\u00e8nement de d\u00e9couverte des m\u00e9tiers de l&rsquo;Industrie, de la M\u00e9tallurgie et de la Plasturgie.<\/p>\n\n\n\n<p><strong>La Journ\u00e9e des M\u00e9tiers de l&rsquo;Industrie aura lieu&nbsp;le lundi 26 juin de 9h \u00e0 16h,&nbsp;Rue du Parc en Ciel \u00e0 Pau&nbsp;(Quartier Ousse des Bois)<\/strong><\/p>\n\n\n\n<p>Cet \u00e9v\u00e8nement propose :<\/p>\n\n\n\n<ul class=\"wp-block-list\">\n<li>une pr\u00e9sentation des m\u00e9tiers du secteur au travers de l&rsquo;Odyss\u00e9e de l&rsquo;Industrie par l&rsquo;UIMM<\/li>\n\n\n\n<li>des ateliers de d\u00e9couverte des m\u00e9tiers au travers de la d\u00e9tection des potentiels de P\u00f4le Emploi (ces ateliers pourront \u00eatre suivis de visites d&rsquo;entreprises)<\/li>\n\n\n\n<li>le Lab&rsquo;Mobile Puxi : ateliers et d\u00e9monstration des m\u00e9tiers de la plasturgie \u00e0 bord d&rsquo;un semi-remorque am\u00e9nag\u00e9. Dur\u00e9e de la visite = 45mn. Inscription des demandeurs d&#8217;emploi par les prescripteurs aupr\u00e8s de Ghislaine PAPAREMBORDE \u00e0 :&nbsp;<a href=\"mailto:g.paparemborde@agglo-pau.fr\">g.paparemborde@agglo-pau.fr<\/a>&nbsp;ou via le&nbsp;06 34 89 32 67&nbsp;Horaire au choix : 9h ou 10h ou 11h ou 12h ou 14h ou 15h<\/li>\n\n\n\n<li>une pr\u00e9sentation des formations avec le P\u00f4le Formation de l&rsquo;UIMM, l&rsquo;Afpa et le Greta<\/li>\n\n\n\n<li>des rencontres avec des entreprises qui recrutent.<\/li>\n<\/ul>\n\n\n\n<figure class=\"wp-block-image size-large\"><img loading=\"lazy\" decoding=\"async\" width=\"724\" height=\"1024\" src=\"http:\/\/aubertin.fr\/wp-content\/uploads\/2023\/06\/379A6876-75ED-4379-BFC5-D9BF96A48F3E-724x1024.png\" alt=\"\" class=\"wp-image-1328\" srcset=\"https:\/\/aubertin.fr\/wp-content\/uploads\/2023\/06\/379A6876-75ED-4379-BFC5-D9BF96A48F3E-724x1024.png 724w, https:\/\/aubertin.fr\/wp-content\/uploads\/2023\/06\/379A6876-75ED-4379-BFC5-D9BF96A48F3E-212x300.png 212w, https:\/\/aubertin.fr\/wp-content\/uploads\/2023\/06\/379A6876-75ED-4379-BFC5-D9BF96A48F3E-768x1086.png 768w, https:\/\/aubertin.fr\/wp-content\/uploads\/2023\/06\/379A6876-75ED-4379-BFC5-D9BF96A48F3E-1086x1536.png 1086w, https:\/\/aubertin.fr\/wp-content\/uploads\/2023\/06\/379A6876-75ED-4379-BFC5-D9BF96A48F3E-1448x2048.png 1448w, https:\/\/aubertin.fr\/wp-content\/uploads\/2023\/06\/379A6876-75ED-4379-BFC5-D9BF96A48F3E-555x785.png 555w, https:\/\/aubertin.fr\/wp-content\/uploads\/2023\/06\/379A6876-75ED-4379-BFC5-D9BF96A48F3E.png 1754w\" sizes=\"auto, (max-width: 724px) 100vw, 724px\" \/><\/figure>\n","protected":false},"excerpt":{"rendered":"<p>Le Club Emploi et D\u00e9veloppement du Hameau et Saragosse et la Cit\u00e9 de l&rsquo;Emploi organisent, en partenariat avec l&rsquo;UIMM et P\u00f4le Emploi, un \u00e9v\u00e8nement de d\u00e9couverte des m\u00e9tiers de l&rsquo;Industrie, de la M\u00e9tallurgie et de la Plasturgie. La Journ\u00e9e des M\u00e9tiers de l&rsquo;Industrie aura lieu&nbsp;le lundi 26 juin de 9h \u00e0 16h,&nbsp;Rue du Parc en &hellip; <\/p>\n<p><a class=\"more-link btn\" href=\"https:\/\/aubertin.fr\/index.php\/2023\/06\/20\/journee-des-metiers-de-lindustrie-a-pau-lundi-26-juin-de-9h-a-16h\/\">Lire la suite<\/a><\/p>\n","protected":false},"author":3,"featured_media":1329,"comment_status":"closed","ping_status":"closed","sticky":false,"template":"","format":"standard","meta":{"footnotes":""},"categories":[1],"tags":[],"class_list":["post-1327","post","type-post","status-publish","format-standard","has-post-thumbnail","hentry","category-non-classe","item-wrap"],"_links":{"self":[{"href":"https:\/\/aubertin.fr\/index.php\/wp-json\/wp\/v2\/posts\/1327","targetHints":{"allow":["GET"]}}],"collection":[{"href":"https:\/\/aubertin.fr\/index.php\/wp-json\/wp\/v2\/posts"}],"about":[{"href":"https:\/\/aubertin.fr\/index.php\/wp-json\/wp\/v2\/types\/post"}],"author":[{"embeddable":true,"href":"https:\/\/aubertin.fr\/index.php\/wp-json\/wp\/v2\/users\/3"}],"replies":[{"embeddable":true,"href":"https:\/\/aubertin.fr\/index.php\/wp-json\/wp\/v2\/comments?post=1327"}],"version-history":[{"count":1,"href":"https:\/\/aubertin.fr\/index.php\/wp-json\/wp\/v2\/posts\/1327\/revisions"}],"predecessor-version":[{"id":1330,"href":"https:\/\/aubertin.fr\/index.php\/wp-json\/wp\/v2\/posts\/1327\/revisions\/1330"}],"wp:featuredmedia":[{"embeddable":true,"href":"https:\/\/aubertin.fr\/index.php\/wp-json\/wp\/v2\/media\/1329"}],"wp:attachment":[{"href":"https:\/\/aubertin.fr\/index.php\/wp-json\/wp\/v2\/media?parent=1327"}],"wp:term":[{"taxonomy":"category","embeddable":true,"href":"https:\/\/aubertin.fr\/index.php\/wp-json\/wp\/v2\/categories?post=1327"},{"taxonomy":"post_tag","embeddable":true,"href":"https:\/\/aubertin.fr\/index.php\/wp-json\/wp\/v2\/tags?post=1327"}],"curies":[{"name":"wp","href":"https:\/\/api.w.org\/{rel}","templated":true}]}}