{"id":1339,"date":"2023-06-21T06:58:35","date_gmt":"2023-06-21T04:58:35","guid":{"rendered":"http:\/\/aubertin.fr\/?p=1339"},"modified":"2023-06-21T06:58:36","modified_gmt":"2023-06-21T04:58:36","slug":"demi-journee-toujascoll","status":"publish","type":"post","link":"https:\/\/aubertin.fr\/index.php\/2023\/06\/21\/demi-journee-toujascoll\/","title":{"rendered":"DEMI JOURNEE TOUJAS&amp;COLL"},"content":{"rendered":"\n<p>La Communaut\u00e9 d\u2019Agglom\u00e9ration Pau B\u00e9arn Pyr\u00e9n\u00e9es et&nbsp;A.CO.R organisent une demi-journ\u00e9e&nbsp;de recrutement avec&nbsp;<strong>LE GROUPE TOUJAS &amp; COLL pour l\u2019entreprise POLYBETON<\/strong>&nbsp;pour des postes d\u2019agent de pr\u00e9fabrication.<\/p>\n\n\n\n<p>RDV&nbsp;le&nbsp;<strong>jeudi 29 juin 2023<\/strong>&nbsp;\u2013 de 10h\/13h<\/p>\n\n\n\n<p>(selon horaire de RDV fix\u00e9 lors de l\u2019inscription)<\/p>\n\n\n\n<p>A l\u2019entreprise POLYBETON&nbsp;<\/p>\n\n\n\n<p>6 Rue LADEVEZE<\/p>\n\n\n\n<p>64420 SOUMOULOU<\/p>\n\n\n\n<p><strong><u>Attention&nbsp;!<\/u><\/strong><\/p>\n\n\n\n<p><strong>Afin de respecter les protocoles sanitaires, nous fixerons un horaire de RDV individuel lors de l\u2019inscription par t\u00e9l\u00e9phone.<\/strong><\/p>\n\n\n\n<p><strong>Le nombre de places \u00e9tant limit\u00e9<\/strong><strong>, ce sont les candidats eux-m\u00eames qui devront s\u2019inscrire en appelant au&nbsp;05.59.82.82.02,<\/strong>&nbsp;<strong>et s\u2019assurer d\u2019\u00eatre disponibles le jour de l\u2019\u00e9v\u00e9nement.<\/strong><\/p>\n\n\n\n<p>Vous trouverez ci-joint le d\u00e9tail des offres d\u2019emploi ainsi que l\u2019affiche de l\u2019\u00e9v\u00e8nement pour impression et affichage.<\/p>\n\n\n\n<figure class=\"wp-block-image size-large\"><img loading=\"lazy\" decoding=\"async\" width=\"724\" height=\"1024\" src=\"http:\/\/aubertin.fr\/wp-content\/uploads\/2023\/06\/4931B53F-E6E0-43B0-9C9E-9BD60A17EA12-724x1024.jpeg\" alt=\"\" class=\"wp-image-1337\" srcset=\"https:\/\/aubertin.fr\/wp-content\/uploads\/2023\/06\/4931B53F-E6E0-43B0-9C9E-9BD60A17EA12-724x1024.jpeg 724w, https:\/\/aubertin.fr\/wp-content\/uploads\/2023\/06\/4931B53F-E6E0-43B0-9C9E-9BD60A17EA12-212x300.jpeg 212w, https:\/\/aubertin.fr\/wp-content\/uploads\/2023\/06\/4931B53F-E6E0-43B0-9C9E-9BD60A17EA12-768x1086.jpeg 768w, https:\/\/aubertin.fr\/wp-content\/uploads\/2023\/06\/4931B53F-E6E0-43B0-9C9E-9BD60A17EA12-1086x1536.jpeg 1086w, https:\/\/aubertin.fr\/wp-content\/uploads\/2023\/06\/4931B53F-E6E0-43B0-9C9E-9BD60A17EA12-555x785.jpeg 555w, https:\/\/aubertin.fr\/wp-content\/uploads\/2023\/06\/4931B53F-E6E0-43B0-9C9E-9BD60A17EA12.jpeg 1240w\" sizes=\"auto, (max-width: 724px) 100vw, 724px\" \/><\/figure>\n","protected":false},"excerpt":{"rendered":"<p>La Communaut\u00e9 d\u2019Agglom\u00e9ration Pau B\u00e9arn Pyr\u00e9n\u00e9es et&nbsp;A.CO.R organisent une demi-journ\u00e9e&nbsp;de recrutement avec&nbsp;LE GROUPE TOUJAS &amp; COLL pour l\u2019entreprise POLYBETON&nbsp;pour des postes d\u2019agent de pr\u00e9fabrication. RDV&nbsp;le&nbsp;jeudi 29 juin 2023&nbsp;\u2013 de 10h\/13h (selon horaire de RDV fix\u00e9 lors de l\u2019inscription) A l\u2019entreprise POLYBETON&nbsp; 6 Rue LADEVEZE 64420 SOUMOULOU Attention&nbsp;! Afin de respecter les protocoles sanitaires, nous fixerons &hellip; <\/p>\n<p><a class=\"more-link btn\" href=\"https:\/\/aubertin.fr\/index.php\/2023\/06\/21\/demi-journee-toujascoll\/\">Lire la suite<\/a><\/p>\n","protected":false},"author":3,"featured_media":1338,"comment_status":"closed","ping_status":"closed","sticky":false,"template":"","format":"standard","meta":{"footnotes":""},"categories":[1],"tags":[],"class_list":["post-1339","post","type-post","status-publish","format-standard","has-post-thumbnail","hentry","category-non-classe","item-wrap"],"_links":{"self":[{"href":"https:\/\/aubertin.fr\/index.php\/wp-json\/wp\/v2\/posts\/1339","targetHints":{"allow":["GET"]}}],"collection":[{"href":"https:\/\/aubertin.fr\/index.php\/wp-json\/wp\/v2\/posts"}],"about":[{"href":"https:\/\/aubertin.fr\/index.php\/wp-json\/wp\/v2\/types\/post"}],"author":[{"embeddable":true,"href":"https:\/\/aubertin.fr\/index.php\/wp-json\/wp\/v2\/users\/3"}],"replies":[{"embeddable":true,"href":"https:\/\/aubertin.fr\/index.php\/wp-json\/wp\/v2\/comments?post=1339"}],"version-history":[{"count":1,"href":"https:\/\/aubertin.fr\/index.php\/wp-json\/wp\/v2\/posts\/1339\/revisions"}],"predecessor-version":[{"id":1340,"href":"https:\/\/aubertin.fr\/index.php\/wp-json\/wp\/v2\/posts\/1339\/revisions\/1340"}],"wp:featuredmedia":[{"embeddable":true,"href":"https:\/\/aubertin.fr\/index.php\/wp-json\/wp\/v2\/media\/1338"}],"wp:attachment":[{"href":"https:\/\/aubertin.fr\/index.php\/wp-json\/wp\/v2\/media?parent=1339"}],"wp:term":[{"taxonomy":"category","embeddable":true,"href":"https:\/\/aubertin.fr\/index.php\/wp-json\/wp\/v2\/categories?post=1339"},{"taxonomy":"post_tag","embeddable":true,"href":"https:\/\/aubertin.fr\/index.php\/wp-json\/wp\/v2\/tags?post=1339"}],"curies":[{"name":"wp","href":"https:\/\/api.w.org\/{rel}","templated":true}]}}