{"id":1436,"date":"2023-07-13T11:43:38","date_gmt":"2023-07-13T09:43:38","guid":{"rendered":"http:\/\/aubertin.fr\/?p=1436"},"modified":"2023-07-13T11:45:41","modified_gmt":"2023-07-13T09:45:41","slug":"fetes-du-village-debut-des-quetes","status":"publish","type":"post","link":"https:\/\/aubertin.fr\/index.php\/2023\/07\/13\/fetes-du-village-debut-des-quetes\/","title":{"rendered":"F\u00eates du village : d\u00e9but des qu\u00eates"},"content":{"rendered":"\n<p>Nous vous informons que le comit\u00e9 des f\u00eates va d\u00e9buter la saison des qu\u00eates d&rsquo;ici quelques jours.&nbsp;<\/p>\n\n\n\n<p>Merci de leur r\u00e9server un accueil chaleureux afin de partager tous ensemble un moment convivial et festif !!!&nbsp;\ud83c\udf89<\/p>\n","protected":false},"excerpt":{"rendered":"<p>Nous vous informons que le comit\u00e9 des f\u00eates va d\u00e9buter la saison des qu\u00eates d&rsquo;ici quelques jours.&nbsp; Merci de leur r\u00e9server un accueil chaleureux afin de partager tous ensemble un moment convivial et festif !!!&nbsp;\ud83c\udf89<\/p>\n","protected":false},"author":3,"featured_media":1438,"comment_status":"closed","ping_status":"closed","sticky":false,"template":"","format":"standard","meta":{"footnotes":""},"categories":[1],"tags":[],"class_list":["post-1436","post","type-post","status-publish","format-standard","has-post-thumbnail","hentry","category-non-classe","item-wrap"],"_links":{"self":[{"href":"https:\/\/aubertin.fr\/index.php\/wp-json\/wp\/v2\/posts\/1436","targetHints":{"allow":["GET"]}}],"collection":[{"href":"https:\/\/aubertin.fr\/index.php\/wp-json\/wp\/v2\/posts"}],"about":[{"href":"https:\/\/aubertin.fr\/index.php\/wp-json\/wp\/v2\/types\/post"}],"author":[{"embeddable":true,"href":"https:\/\/aubertin.fr\/index.php\/wp-json\/wp\/v2\/users\/3"}],"replies":[{"embeddable":true,"href":"https:\/\/aubertin.fr\/index.php\/wp-json\/wp\/v2\/comments?post=1436"}],"version-history":[{"count":1,"href":"https:\/\/aubertin.fr\/index.php\/wp-json\/wp\/v2\/posts\/1436\/revisions"}],"predecessor-version":[{"id":1437,"href":"https:\/\/aubertin.fr\/index.php\/wp-json\/wp\/v2\/posts\/1436\/revisions\/1437"}],"wp:featuredmedia":[{"embeddable":true,"href":"https:\/\/aubertin.fr\/index.php\/wp-json\/wp\/v2\/media\/1438"}],"wp:attachment":[{"href":"https:\/\/aubertin.fr\/index.php\/wp-json\/wp\/v2\/media?parent=1436"}],"wp:term":[{"taxonomy":"category","embeddable":true,"href":"https:\/\/aubertin.fr\/index.php\/wp-json\/wp\/v2\/categories?post=1436"},{"taxonomy":"post_tag","embeddable":true,"href":"https:\/\/aubertin.fr\/index.php\/wp-json\/wp\/v2\/tags?post=1436"}],"curies":[{"name":"wp","href":"https:\/\/api.w.org\/{rel}","templated":true}]}}