{"id":1444,"date":"2023-07-18T23:14:28","date_gmt":"2023-07-18T21:14:28","guid":{"rendered":"http:\/\/aubertin.fr\/?p=1444"},"modified":"2023-07-18T23:22:16","modified_gmt":"2023-07-18T21:22:16","slug":"entretenez-vos-plantations","status":"publish","type":"post","link":"https:\/\/aubertin.fr\/index.php\/2023\/07\/18\/entretenez-vos-plantations\/","title":{"rendered":"ENTRETENEZ VOS PLANTATIONS"},"content":{"rendered":"\n<p><strong>Rappel concernant l\u2019entretien obligatoire de la v\u00e9g\u00e9tation qui encombre et d\u00e9borde sur les chemins d\u00e9partementaux, les chemins communaux, ruraux et\/ou les trottoirs&nbsp;:<\/strong><\/p>\n\n\n\n<p>Certains propri\u00e9taires n\u2019entretiennent pas comme il se doit les haies s\u00e9paratives ou autre qui empi\u00e8tent sur les chemins ou trottoirs communaux.<\/p>\n\n\n\n<p>Certaines plantations g\u00eanent le passage des pi\u00e9tons mais aussi suscitent des appels en mairie afin que l\u2019employ\u00e9 communal coupe ces plantations.<\/p>\n\n\n\n<p><strong>Pour ce qui est des for\u00eats et des arbres en limite de propri\u00e9t\u00e9 ou de chemins communaux, ruraux ou d\u00e9partementaux&nbsp;:<\/strong><\/p>\n\n\n\n<p>C\u2019est une obligation pour les propri\u00e9taires d\u2019entretenir et de couper les arbres quand le positionnement de ceux-ci entraine, en cas de chute, des d\u00e9g\u00e2ts ou des r\u00e9percussions sur notre vie de tous les jours&nbsp;: coupure d\u2019alimentation \u00e9lectrique, coupure de t\u00e9l\u00e9phonie. Les d\u00e9lais d\u2019intervention et de r\u00e9paration peuvent s\u2019av\u00e9rer tr\u00e8s longs.&nbsp;<\/p>\n\n\n\n<p>Les propri\u00e9taires concern\u00e9s doivent imp\u00e9rativement entretenir et couper les arbres avant qu\u2019ils ne provoquent des d\u00e9g\u00e2ts et des privations des usages des particuliers. Les d\u00e9placements des entreprises deviendront payants s\u2019il s\u2019av\u00e8re que leur intervention est due \u00e0 une n\u00e9gligence ou \u00e0 un d\u00e9faut d\u2019entretien.<\/p>\n\n\n\n<p><strong>Bon \u00e0 savoir&nbsp;:<\/strong><\/p>\n\n\n\n<p>Les haies ne d\u00e9passant pas 2m de hauteur sont autoris\u00e9es en limite s\u00e9parative.<\/p>\n\n\n\n<p>Elles peuvent&nbsp;:<\/p>\n\n\n\n<p>\u25cf&nbsp;Etre \u00ab&nbsp;coll\u00e9es&nbsp;\u00bb au mur mitoyen mais ne peuvent d\u00e9passer la hauteur de cr\u00eate du mur.<\/p>\n\n\n\n<p>\u25cf&nbsp;D\u00e9passer 2m de haut \u00e0 condition d\u2019\u00eatre implant\u00e9es \u00e0 2m de la limite s\u00e9parative.<\/p>\n\n\n\n<p>Les haies d\u2019arbustes ou d\u2019arbres sup\u00e9rieurs \u00e0 2m doivent \u00eatre plant\u00e9es \u00e0 une distance de 2m de la limite s\u00e9parative. Il<\/p>\n\n\n\n<p>Quels que soient le cas, il appartient au propri\u00e9taire de couper et d\u2019\u00e9liminer les branches susceptibles d\u2019empi\u00e9ter sur la propri\u00e9t\u00e9.<\/p>\n\n\n\n<p><\/p>\n","protected":false},"excerpt":{"rendered":"<p>Rappel concernant l\u2019entretien obligatoire de la v\u00e9g\u00e9tation qui encombre et d\u00e9borde sur les chemins d\u00e9partementaux, les chemins communaux, ruraux et\/ou les trottoirs&nbsp;: Certains propri\u00e9taires n\u2019entretiennent pas comme il se doit les haies s\u00e9paratives ou autre qui empi\u00e8tent sur les chemins ou trottoirs communaux. Certaines plantations g\u00eanent le passage des pi\u00e9tons mais aussi suscitent des appels &hellip; <\/p>\n<p><a class=\"more-link btn\" href=\"https:\/\/aubertin.fr\/index.php\/2023\/07\/18\/entretenez-vos-plantations\/\">Lire la suite<\/a><\/p>\n","protected":false},"author":3,"featured_media":1447,"comment_status":"closed","ping_status":"closed","sticky":false,"template":"","format":"standard","meta":{"footnotes":""},"categories":[1],"tags":[],"class_list":["post-1444","post","type-post","status-publish","format-standard","has-post-thumbnail","hentry","category-non-classe","item-wrap"],"_links":{"self":[{"href":"https:\/\/aubertin.fr\/index.php\/wp-json\/wp\/v2\/posts\/1444","targetHints":{"allow":["GET"]}}],"collection":[{"href":"https:\/\/aubertin.fr\/index.php\/wp-json\/wp\/v2\/posts"}],"about":[{"href":"https:\/\/aubertin.fr\/index.php\/wp-json\/wp\/v2\/types\/post"}],"author":[{"embeddable":true,"href":"https:\/\/aubertin.fr\/index.php\/wp-json\/wp\/v2\/users\/3"}],"replies":[{"embeddable":true,"href":"https:\/\/aubertin.fr\/index.php\/wp-json\/wp\/v2\/comments?post=1444"}],"version-history":[{"count":2,"href":"https:\/\/aubertin.fr\/index.php\/wp-json\/wp\/v2\/posts\/1444\/revisions"}],"predecessor-version":[{"id":1448,"href":"https:\/\/aubertin.fr\/index.php\/wp-json\/wp\/v2\/posts\/1444\/revisions\/1448"}],"wp:featuredmedia":[{"embeddable":true,"href":"https:\/\/aubertin.fr\/index.php\/wp-json\/wp\/v2\/media\/1447"}],"wp:attachment":[{"href":"https:\/\/aubertin.fr\/index.php\/wp-json\/wp\/v2\/media?parent=1444"}],"wp:term":[{"taxonomy":"category","embeddable":true,"href":"https:\/\/aubertin.fr\/index.php\/wp-json\/wp\/v2\/categories?post=1444"},{"taxonomy":"post_tag","embeddable":true,"href":"https:\/\/aubertin.fr\/index.php\/wp-json\/wp\/v2\/tags?post=1444"}],"curies":[{"name":"wp","href":"https:\/\/api.w.org\/{rel}","templated":true}]}}