{"id":1449,"date":"2023-07-19T05:22:00","date_gmt":"2023-07-19T03:22:00","guid":{"rendered":"http:\/\/aubertin.fr\/?p=1449"},"modified":"2023-07-18T23:23:57","modified_gmt":"2023-07-18T21:23:57","slug":"prevention-du-risque-dincendie-en-foret","status":"publish","type":"post","link":"https:\/\/aubertin.fr\/index.php\/2023\/07\/19\/prevention-du-risque-dincendie-en-foret\/","title":{"rendered":"PREVENTION DU RISQUE D\u2019INCENDIE EN FORET"},"content":{"rendered":"\n<p>Compte tenu des \u00e9v\u00e8nements dramatiques survenus pendant la p\u00e9riode estivale 2022 cons\u00e9cutifs \u00e0 la s\u00e9cheresse et aux d\u00e9parts multiples de feux, l\u2019Etat a d\u00e9cid\u00e9 de faire de la&nbsp;\u00ab&nbsp;pr\u00e9vention du risque d\u2019incendie&nbsp;\u00bb&nbsp;une propri\u00e9t\u00e9.<\/p>\n\n\n\n<p>A cette fin, la pr\u00e9fecture rappelle les obligations l\u00e9gales de&nbsp;d\u00e9broussaillement&nbsp;\u00e0 tous les propri\u00e9taires de terrains situ\u00e9s \u00e0 moins de 200 m\u00e8tres de&nbsp;for\u00eats&nbsp;dans&nbsp;les communes consid\u00e9r\u00e9es \u00e0 risque de feux de&nbsp;for\u00eat. Dans cette optique, le&nbsp;d\u00e9broussaillement&nbsp;doit \u00eatre r\u00e9alis\u00e9 jusqu\u2019\u00e0 une&nbsp;profondeur&nbsp;de 50 m\u00e8tres des constructions,&nbsp;et une profondeur de 2.5 m\u00e8tres de part et d\u2019autre de la voie priv\u00e9e y donnant acc\u00e8s,&nbsp;par le propri\u00e9taire de la maison ou ses ayants-droits.<\/p>\n\n\n\n<p>La commune n\u2019a pas \u00e9t\u00e9 impact\u00e9e, mais il nous est demand\u00e9 de vous rappeler ces obligations.<\/p>\n","protected":false},"excerpt":{"rendered":"<p>Compte tenu des \u00e9v\u00e8nements dramatiques survenus pendant la p\u00e9riode estivale 2022 cons\u00e9cutifs \u00e0 la s\u00e9cheresse et aux d\u00e9parts multiples de feux, l\u2019Etat a d\u00e9cid\u00e9 de faire de la&nbsp;\u00ab&nbsp;pr\u00e9vention du risque d\u2019incendie&nbsp;\u00bb&nbsp;une propri\u00e9t\u00e9. A cette fin, la pr\u00e9fecture rappelle les obligations l\u00e9gales de&nbsp;d\u00e9broussaillement&nbsp;\u00e0 tous les propri\u00e9taires de terrains situ\u00e9s \u00e0 moins de 200 m\u00e8tres de&nbsp;for\u00eats&nbsp;dans&nbsp;les communes &hellip; <\/p>\n<p><a class=\"more-link btn\" href=\"https:\/\/aubertin.fr\/index.php\/2023\/07\/19\/prevention-du-risque-dincendie-en-foret\/\">Lire la suite<\/a><\/p>\n","protected":false},"author":3,"featured_media":537,"comment_status":"closed","ping_status":"closed","sticky":false,"template":"","format":"standard","meta":{"footnotes":""},"categories":[1],"tags":[],"class_list":["post-1449","post","type-post","status-publish","format-standard","has-post-thumbnail","hentry","category-non-classe","item-wrap"],"_links":{"self":[{"href":"https:\/\/aubertin.fr\/index.php\/wp-json\/wp\/v2\/posts\/1449","targetHints":{"allow":["GET"]}}],"collection":[{"href":"https:\/\/aubertin.fr\/index.php\/wp-json\/wp\/v2\/posts"}],"about":[{"href":"https:\/\/aubertin.fr\/index.php\/wp-json\/wp\/v2\/types\/post"}],"author":[{"embeddable":true,"href":"https:\/\/aubertin.fr\/index.php\/wp-json\/wp\/v2\/users\/3"}],"replies":[{"embeddable":true,"href":"https:\/\/aubertin.fr\/index.php\/wp-json\/wp\/v2\/comments?post=1449"}],"version-history":[{"count":1,"href":"https:\/\/aubertin.fr\/index.php\/wp-json\/wp\/v2\/posts\/1449\/revisions"}],"predecessor-version":[{"id":1450,"href":"https:\/\/aubertin.fr\/index.php\/wp-json\/wp\/v2\/posts\/1449\/revisions\/1450"}],"wp:featuredmedia":[{"embeddable":true,"href":"https:\/\/aubertin.fr\/index.php\/wp-json\/wp\/v2\/media\/537"}],"wp:attachment":[{"href":"https:\/\/aubertin.fr\/index.php\/wp-json\/wp\/v2\/media?parent=1449"}],"wp:term":[{"taxonomy":"category","embeddable":true,"href":"https:\/\/aubertin.fr\/index.php\/wp-json\/wp\/v2\/categories?post=1449"},{"taxonomy":"post_tag","embeddable":true,"href":"https:\/\/aubertin.fr\/index.php\/wp-json\/wp\/v2\/tags?post=1449"}],"curies":[{"name":"wp","href":"https:\/\/api.w.org\/{rel}","templated":true}]}}