{"id":1455,"date":"2023-07-25T08:52:51","date_gmt":"2023-07-25T06:52:51","guid":{"rendered":"http:\/\/aubertin.fr\/?p=1455"},"modified":"2023-07-25T08:52:52","modified_gmt":"2023-07-25T06:52:52","slug":"fermeture-du-secretariat-de-mairie-2","status":"publish","type":"post","link":"https:\/\/aubertin.fr\/index.php\/2023\/07\/25\/fermeture-du-secretariat-de-mairie-2\/","title":{"rendered":"Fermeture du secr\u00e9tariat de mairie"},"content":{"rendered":"\n<p><strong><em>Le secr\u00e9tariat de mairie sera ferm\u00e9\u00a0du lundi 31 juillet\u00a0 au dimanche 20 ao\u00fbt 2023<\/em><\/strong> inclus<\/p>\n\n\n\n<p><strong><em><u>N\u00b0 \u00e0 joindre en cas d\u2019urgence&nbsp;:<\/u><\/em><\/strong><\/p>\n\n\n\n<p><strong><em>Martine RODRIGUEZ, Maire<\/em><\/strong><em>&nbsp;:&nbsp;06 22 36 11 26<\/em><\/p>\n\n\n\n<p><strong><em>Sandrine BERSANS, 1<sup>\u00e8re<\/sup>&nbsp; adjointe<\/em><\/strong><em>&nbsp;:&nbsp;07 67 26 96 75<\/em><\/p>\n\n\n\n<p><strong><em>Jean PIAT, 2<sup>\u00e8me<\/sup>&nbsp;adjoint<\/em><\/strong><em>&nbsp;:&nbsp;06 15 84 28 87<\/em><\/p>\n\n\n\n<p><strong><em>Sandrine HOURS<\/em><\/strong><em>,&nbsp;<strong>3<sup>\u00e8me<\/sup>adjointe<\/strong>&nbsp;:&nbsp;06 16 13 80 04<\/em><\/p>\n","protected":false},"excerpt":{"rendered":"<p>Le secr\u00e9tariat de mairie sera ferm\u00e9\u00a0du lundi 31 juillet\u00a0 au dimanche 20 ao\u00fbt 2023 inclus N\u00b0 \u00e0 joindre en cas d\u2019urgence&nbsp;: Martine RODRIGUEZ, Maire&nbsp;:&nbsp;06 22 36 11 26 Sandrine BERSANS, 1\u00e8re&nbsp; adjointe&nbsp;:&nbsp;07 67 26 96 75 Jean PIAT, 2\u00e8me&nbsp;adjoint&nbsp;:&nbsp;06 15 84 28 87 Sandrine HOURS,&nbsp;3\u00e8meadjointe&nbsp;:&nbsp;06 16 13 80 04<\/p>\n","protected":false},"author":3,"featured_media":796,"comment_status":"closed","ping_status":"closed","sticky":false,"template":"","format":"standard","meta":{"footnotes":""},"categories":[1],"tags":[],"class_list":["post-1455","post","type-post","status-publish","format-standard","has-post-thumbnail","hentry","category-non-classe","item-wrap"],"_links":{"self":[{"href":"https:\/\/aubertin.fr\/index.php\/wp-json\/wp\/v2\/posts\/1455","targetHints":{"allow":["GET"]}}],"collection":[{"href":"https:\/\/aubertin.fr\/index.php\/wp-json\/wp\/v2\/posts"}],"about":[{"href":"https:\/\/aubertin.fr\/index.php\/wp-json\/wp\/v2\/types\/post"}],"author":[{"embeddable":true,"href":"https:\/\/aubertin.fr\/index.php\/wp-json\/wp\/v2\/users\/3"}],"replies":[{"embeddable":true,"href":"https:\/\/aubertin.fr\/index.php\/wp-json\/wp\/v2\/comments?post=1455"}],"version-history":[{"count":1,"href":"https:\/\/aubertin.fr\/index.php\/wp-json\/wp\/v2\/posts\/1455\/revisions"}],"predecessor-version":[{"id":1456,"href":"https:\/\/aubertin.fr\/index.php\/wp-json\/wp\/v2\/posts\/1455\/revisions\/1456"}],"wp:featuredmedia":[{"embeddable":true,"href":"https:\/\/aubertin.fr\/index.php\/wp-json\/wp\/v2\/media\/796"}],"wp:attachment":[{"href":"https:\/\/aubertin.fr\/index.php\/wp-json\/wp\/v2\/media?parent=1455"}],"wp:term":[{"taxonomy":"category","embeddable":true,"href":"https:\/\/aubertin.fr\/index.php\/wp-json\/wp\/v2\/categories?post=1455"},{"taxonomy":"post_tag","embeddable":true,"href":"https:\/\/aubertin.fr\/index.php\/wp-json\/wp\/v2\/tags?post=1455"}],"curies":[{"name":"wp","href":"https:\/\/api.w.org\/{rel}","templated":true}]}}