{"id":1458,"date":"2023-07-25T22:11:44","date_gmt":"2023-07-25T20:11:44","guid":{"rendered":"http:\/\/aubertin.fr\/?p=1458"},"modified":"2023-07-25T22:11:45","modified_gmt":"2023-07-25T20:11:45","slug":"1-2-journee-de-recrutement-la-ferme-de-lousse","status":"publish","type":"post","link":"https:\/\/aubertin.fr\/index.php\/2023\/07\/25\/1-2-journee-de-recrutement-la-ferme-de-lousse\/","title":{"rendered":"1\/2 JOURNEE DE RECRUTEMENT LA FERME DE L&rsquo;OUSSE"},"content":{"rendered":"\n<p>La Communaut\u00e9 d\u2019Agglom\u00e9ration Pau B\u00e9arn Pyr\u00e9n\u00e9es et&nbsp;A.CO.R organisent une demi-journ\u00e9e&nbsp;de recrutement avec&nbsp;<strong>LA FERME DE L\u2019OUSSE<\/strong>&nbsp;pour des postes d\u2019ouvrier agricole.<\/p>\n\n\n\n<p>RDV&nbsp;le&nbsp;<strong>mardi 1<sup>er<\/sup>&nbsp;ao\u00fbt 2023<\/strong>&nbsp;\u2013 \u00e0 9h30<\/p>\n\n\n\n<p>A la Ferme de l\u2019Ousse,&nbsp;34 rue de l\u2019Ousse<\/p>\n\n\n\n<p>64230 AUSSEVIELLE<\/p>\n\n\n\n<p>Navette gratuite organis\u00e9e au d\u00e9part du P\u00f4le Laherr\u00e8re&nbsp;\u00e0 Pau (3 place Lah\u00e9rrere) : RDV&nbsp;\u00e0 8h45<\/p>\n\n\n\n<figure class=\"wp-block-image size-large\"><img loading=\"lazy\" decoding=\"async\" width=\"725\" height=\"1024\" src=\"http:\/\/aubertin.fr\/wp-content\/uploads\/2023\/07\/IMG_7268-725x1024.jpeg\" alt=\"\" class=\"wp-image-1459\" srcset=\"https:\/\/aubertin.fr\/wp-content\/uploads\/2023\/07\/IMG_7268-725x1024.jpeg 725w, https:\/\/aubertin.fr\/wp-content\/uploads\/2023\/07\/IMG_7268-212x300.jpeg 212w, https:\/\/aubertin.fr\/wp-content\/uploads\/2023\/07\/IMG_7268-768x1085.jpeg 768w, https:\/\/aubertin.fr\/wp-content\/uploads\/2023\/07\/IMG_7268-1087x1536.jpeg 1087w, https:\/\/aubertin.fr\/wp-content\/uploads\/2023\/07\/IMG_7268-555x784.jpeg 555w, https:\/\/aubertin.fr\/wp-content\/uploads\/2023\/07\/IMG_7268.jpeg 1241w\" sizes=\"auto, (max-width: 725px) 100vw, 725px\" \/><\/figure>\n","protected":false},"excerpt":{"rendered":"<p>La Communaut\u00e9 d\u2019Agglom\u00e9ration Pau B\u00e9arn Pyr\u00e9n\u00e9es et&nbsp;A.CO.R organisent une demi-journ\u00e9e&nbsp;de recrutement avec&nbsp;LA FERME DE L\u2019OUSSE&nbsp;pour des postes d\u2019ouvrier agricole. RDV&nbsp;le&nbsp;mardi 1er&nbsp;ao\u00fbt 2023&nbsp;\u2013 \u00e0 9h30 A la Ferme de l\u2019Ousse,&nbsp;34 rue de l\u2019Ousse 64230 AUSSEVIELLE Navette gratuite organis\u00e9e au d\u00e9part du P\u00f4le Laherr\u00e8re&nbsp;\u00e0 Pau (3 place Lah\u00e9rrere) : RDV&nbsp;\u00e0 8h45<\/p>\n","protected":false},"author":3,"featured_media":1459,"comment_status":"closed","ping_status":"closed","sticky":false,"template":"","format":"standard","meta":{"footnotes":""},"categories":[1],"tags":[],"class_list":["post-1458","post","type-post","status-publish","format-standard","has-post-thumbnail","hentry","category-non-classe","item-wrap"],"_links":{"self":[{"href":"https:\/\/aubertin.fr\/index.php\/wp-json\/wp\/v2\/posts\/1458","targetHints":{"allow":["GET"]}}],"collection":[{"href":"https:\/\/aubertin.fr\/index.php\/wp-json\/wp\/v2\/posts"}],"about":[{"href":"https:\/\/aubertin.fr\/index.php\/wp-json\/wp\/v2\/types\/post"}],"author":[{"embeddable":true,"href":"https:\/\/aubertin.fr\/index.php\/wp-json\/wp\/v2\/users\/3"}],"replies":[{"embeddable":true,"href":"https:\/\/aubertin.fr\/index.php\/wp-json\/wp\/v2\/comments?post=1458"}],"version-history":[{"count":1,"href":"https:\/\/aubertin.fr\/index.php\/wp-json\/wp\/v2\/posts\/1458\/revisions"}],"predecessor-version":[{"id":1460,"href":"https:\/\/aubertin.fr\/index.php\/wp-json\/wp\/v2\/posts\/1458\/revisions\/1460"}],"wp:featuredmedia":[{"embeddable":true,"href":"https:\/\/aubertin.fr\/index.php\/wp-json\/wp\/v2\/media\/1459"}],"wp:attachment":[{"href":"https:\/\/aubertin.fr\/index.php\/wp-json\/wp\/v2\/media?parent=1458"}],"wp:term":[{"taxonomy":"category","embeddable":true,"href":"https:\/\/aubertin.fr\/index.php\/wp-json\/wp\/v2\/categories?post=1458"},{"taxonomy":"post_tag","embeddable":true,"href":"https:\/\/aubertin.fr\/index.php\/wp-json\/wp\/v2\/tags?post=1458"}],"curies":[{"name":"wp","href":"https:\/\/api.w.org\/{rel}","templated":true}]}}