{"id":1632,"date":"2023-09-12T15:29:00","date_gmt":"2023-09-12T13:29:00","guid":{"rendered":"https:\/\/aubertin.fr\/?p=1632"},"modified":"2023-09-12T14:31:17","modified_gmt":"2023-09-12T12:31:17","slug":"40eme-edition-du-cafe-de-lemploi","status":"publish","type":"post","link":"https:\/\/aubertin.fr\/index.php\/2023\/09\/12\/40eme-edition-du-cafe-de-lemploi\/","title":{"rendered":"40\u00e8me \u00e9dition du caf\u00e9 de l&#8217;emploi"},"content":{"rendered":"\n<p>La Communaut\u00e9 d\u2019Agglom\u00e9ration Pau B\u00e9arn Pyr\u00e9n\u00e9es et A.CO.R organisent la<\/p>\n\n\n\n<p><strong>40<\/strong><strong><sup>\u00e8me<\/sup><\/strong><strong>&nbsp;\u00e9dition du CAFE DE L\u2019EMPLOI<\/strong><\/p>\n\n\n\n<p><strong>Le&nbsp;<\/strong><strong>jeudi 21 septembre&nbsp;<\/strong><strong>2023, de 9h \u00e0 12h<\/strong><\/p>\n\n\n\n<p><strong>A la<\/strong><strong>&nbsp;MJC du La\u00fc<\/strong><\/p>\n\n\n\n<p>81 avenue du Loup<\/p>\n\n\n\n<p>64000&nbsp;PAU<\/p>\n\n\n\n<p><strong><u>Attention&nbsp;!<\/u><\/strong><\/p>\n\n\n\n<p><strong>Le nombre de places \u00e9tant limit\u00e9<\/strong><strong>, ce sont les candidats eux-m\u00eames qui devront s\u2019inscrire en appelant au&nbsp;05.59.82.82.02,<\/strong>&nbsp;<strong>et s\u2019assurer d\u2019\u00eatre disponible le jour de l\u2019\u00e9v\u00e9nement.<\/strong><\/p>\n\n\n\n<figure class=\"wp-block-image size-large\"><img loading=\"lazy\" decoding=\"async\" width=\"725\" height=\"1024\" src=\"http:\/\/aubertin.fr\/wp-content\/uploads\/2023\/09\/IMG_7580-725x1024.jpeg\" alt=\"\" class=\"wp-image-1625\" srcset=\"https:\/\/aubertin.fr\/wp-content\/uploads\/2023\/09\/IMG_7580-725x1024.jpeg 725w, https:\/\/aubertin.fr\/wp-content\/uploads\/2023\/09\/IMG_7580-212x300.jpeg 212w, https:\/\/aubertin.fr\/wp-content\/uploads\/2023\/09\/IMG_7580-768x1085.jpeg 768w, https:\/\/aubertin.fr\/wp-content\/uploads\/2023\/09\/IMG_7580-1087x1536.jpeg 1087w, https:\/\/aubertin.fr\/wp-content\/uploads\/2023\/09\/IMG_7580-555x784.jpeg 555w, https:\/\/aubertin.fr\/wp-content\/uploads\/2023\/09\/IMG_7580.jpeg 1241w\" sizes=\"auto, (max-width: 725px) 100vw, 725px\" \/><\/figure>\n\n\n\n<figure class=\"wp-block-image size-large\"><img loading=\"lazy\" decoding=\"async\" width=\"724\" height=\"1024\" src=\"http:\/\/aubertin.fr\/wp-content\/uploads\/2023\/09\/IMG_7582-724x1024.jpeg\" alt=\"\" class=\"wp-image-1626\" srcset=\"https:\/\/aubertin.fr\/wp-content\/uploads\/2023\/09\/IMG_7582-724x1024.jpeg 724w, https:\/\/aubertin.fr\/wp-content\/uploads\/2023\/09\/IMG_7582-212x300.jpeg 212w, https:\/\/aubertin.fr\/wp-content\/uploads\/2023\/09\/IMG_7582-768x1086.jpeg 768w, https:\/\/aubertin.fr\/wp-content\/uploads\/2023\/09\/IMG_7582-1086x1536.jpeg 1086w, https:\/\/aubertin.fr\/wp-content\/uploads\/2023\/09\/IMG_7582-1448x2048.jpeg 1448w, https:\/\/aubertin.fr\/wp-content\/uploads\/2023\/09\/IMG_7582-555x785.jpeg 555w, https:\/\/aubertin.fr\/wp-content\/uploads\/2023\/09\/IMG_7582-scaled.jpeg 1810w\" sizes=\"auto, (max-width: 724px) 100vw, 724px\" \/><\/figure>\n","protected":false},"excerpt":{"rendered":"<p>La Communaut\u00e9 d\u2019Agglom\u00e9ration Pau B\u00e9arn Pyr\u00e9n\u00e9es et A.CO.R organisent la 40\u00e8me&nbsp;\u00e9dition du CAFE DE L\u2019EMPLOI Le&nbsp;jeudi 21 septembre&nbsp;2023, de 9h \u00e0 12h A la&nbsp;MJC du La\u00fc 81 avenue du Loup 64000&nbsp;PAU Attention&nbsp;! Le nombre de places \u00e9tant limit\u00e9, ce sont les candidats eux-m\u00eames qui devront s\u2019inscrire en appelant au&nbsp;05.59.82.82.02,&nbsp;et s\u2019assurer d\u2019\u00eatre disponible le jour de &hellip; <\/p>\n<p><a class=\"more-link btn\" href=\"https:\/\/aubertin.fr\/index.php\/2023\/09\/12\/40eme-edition-du-cafe-de-lemploi\/\">Lire la suite<\/a><\/p>\n","protected":false},"author":3,"featured_media":1625,"comment_status":"closed","ping_status":"closed","sticky":false,"template":"","format":"standard","meta":{"footnotes":""},"categories":[1],"tags":[],"class_list":["post-1632","post","type-post","status-publish","format-standard","has-post-thumbnail","hentry","category-non-classe","item-wrap"],"_links":{"self":[{"href":"https:\/\/aubertin.fr\/index.php\/wp-json\/wp\/v2\/posts\/1632","targetHints":{"allow":["GET"]}}],"collection":[{"href":"https:\/\/aubertin.fr\/index.php\/wp-json\/wp\/v2\/posts"}],"about":[{"href":"https:\/\/aubertin.fr\/index.php\/wp-json\/wp\/v2\/types\/post"}],"author":[{"embeddable":true,"href":"https:\/\/aubertin.fr\/index.php\/wp-json\/wp\/v2\/users\/3"}],"replies":[{"embeddable":true,"href":"https:\/\/aubertin.fr\/index.php\/wp-json\/wp\/v2\/comments?post=1632"}],"version-history":[{"count":3,"href":"https:\/\/aubertin.fr\/index.php\/wp-json\/wp\/v2\/posts\/1632\/revisions"}],"predecessor-version":[{"id":1635,"href":"https:\/\/aubertin.fr\/index.php\/wp-json\/wp\/v2\/posts\/1632\/revisions\/1635"}],"wp:featuredmedia":[{"embeddable":true,"href":"https:\/\/aubertin.fr\/index.php\/wp-json\/wp\/v2\/media\/1625"}],"wp:attachment":[{"href":"https:\/\/aubertin.fr\/index.php\/wp-json\/wp\/v2\/media?parent=1632"}],"wp:term":[{"taxonomy":"category","embeddable":true,"href":"https:\/\/aubertin.fr\/index.php\/wp-json\/wp\/v2\/categories?post=1632"},{"taxonomy":"post_tag","embeddable":true,"href":"https:\/\/aubertin.fr\/index.php\/wp-json\/wp\/v2\/tags?post=1632"}],"curies":[{"name":"wp","href":"https:\/\/api.w.org\/{rel}","templated":true}]}}