{"id":1648,"date":"2023-09-22T06:20:04","date_gmt":"2023-09-22T04:20:04","guid":{"rendered":"http:\/\/aubertin.fr\/?p=1648"},"modified":"2023-09-22T06:20:06","modified_gmt":"2023-09-22T04:20:06","slug":"a-la-rencontre-des-mobilites-solidaires-mardi-26-septembre-place-laherrere","status":"publish","type":"post","link":"https:\/\/aubertin.fr\/index.php\/2023\/09\/22\/a-la-rencontre-des-mobilites-solidaires-mardi-26-septembre-place-laherrere\/","title":{"rendered":"A la Rencontre des Mobilites Solidaires &#8211; mardi 26 septembre &#8211; Place Laherrere"},"content":{"rendered":"\n<p>Le manque de mobilit\u00e9 constitue un r\u00e9el frein \u00e0 l\u2019emploi pour certains demandeurs d\u2019emploi et \u00e0 l&rsquo;insertion sociale pour d&rsquo;autres publics. C\u2019est pourquoi la Plateforme Mobilit\u00e9 et le Club Emploi organisent, avec les partenaires de la mobilit\u00e9, la Journ\u00e9e des Mobilit\u00e9s Solidaires.<\/p>\n\n\n\n<p>La Plateforme Mobilit\u00e9, le Club Emploi et tous les partenaires de la mobilit\u00e9 solidaire de l&rsquo;agglom\u00e9ration de Pau vous donnons rendez-vous :&nbsp;<\/p>\n\n\n\n<p><strong>Mardi 26 septembre de 10h \u00e0 16h,&nbsp;<\/strong><\/p>\n\n\n\n<p><strong>Place Laherr\u00e8re&nbsp;<\/strong><\/p>\n\n\n\n<p><strong>avenue de Saragosse \u00e0 Pau.<\/strong><\/p>\n\n\n\n<p>Entr\u00e9e libre.<\/p>\n\n\n\n<p>A cette occasion, vous pourrez d\u00e9couvrir toutes les offres de services mobilit\u00e9s de l&rsquo;agglom\u00e9ration ainsi que de nombreux ateliers ludiques : voiture tonneau, simulateur de conduite, sensibilisation \u00e0 la s\u00e9curit\u00e9 routi\u00e8re avec la Police Nationale, transports en commun, permis de conduire, location de v\u00e9hicules, d\u00e9couverte v\u00e9los \u00e9lectriques et trottinettes, ateliers r\u00e9paration automobile, ateliers v\u00e9lo, aides au financement, escape game, etc&#8230;..<\/p>\n","protected":false},"excerpt":{"rendered":"<p>Le manque de mobilit\u00e9 constitue un r\u00e9el frein \u00e0 l\u2019emploi pour certains demandeurs d\u2019emploi et \u00e0 l&rsquo;insertion sociale pour d&rsquo;autres publics. C\u2019est pourquoi la Plateforme Mobilit\u00e9 et le Club Emploi organisent, avec les partenaires de la mobilit\u00e9, la Journ\u00e9e des Mobilit\u00e9s Solidaires. La Plateforme Mobilit\u00e9, le Club Emploi et tous les partenaires de la mobilit\u00e9 &hellip; <\/p>\n<p><a class=\"more-link btn\" href=\"https:\/\/aubertin.fr\/index.php\/2023\/09\/22\/a-la-rencontre-des-mobilites-solidaires-mardi-26-septembre-place-laherrere\/\">Lire la suite<\/a><\/p>\n","protected":false},"author":3,"featured_media":1647,"comment_status":"closed","ping_status":"closed","sticky":false,"template":"","format":"standard","meta":{"footnotes":""},"categories":[1],"tags":[],"class_list":["post-1648","post","type-post","status-publish","format-standard","has-post-thumbnail","hentry","category-non-classe","item-wrap"],"_links":{"self":[{"href":"https:\/\/aubertin.fr\/index.php\/wp-json\/wp\/v2\/posts\/1648","targetHints":{"allow":["GET"]}}],"collection":[{"href":"https:\/\/aubertin.fr\/index.php\/wp-json\/wp\/v2\/posts"}],"about":[{"href":"https:\/\/aubertin.fr\/index.php\/wp-json\/wp\/v2\/types\/post"}],"author":[{"embeddable":true,"href":"https:\/\/aubertin.fr\/index.php\/wp-json\/wp\/v2\/users\/3"}],"replies":[{"embeddable":true,"href":"https:\/\/aubertin.fr\/index.php\/wp-json\/wp\/v2\/comments?post=1648"}],"version-history":[{"count":1,"href":"https:\/\/aubertin.fr\/index.php\/wp-json\/wp\/v2\/posts\/1648\/revisions"}],"predecessor-version":[{"id":1649,"href":"https:\/\/aubertin.fr\/index.php\/wp-json\/wp\/v2\/posts\/1648\/revisions\/1649"}],"wp:featuredmedia":[{"embeddable":true,"href":"https:\/\/aubertin.fr\/index.php\/wp-json\/wp\/v2\/media\/1647"}],"wp:attachment":[{"href":"https:\/\/aubertin.fr\/index.php\/wp-json\/wp\/v2\/media?parent=1648"}],"wp:term":[{"taxonomy":"category","embeddable":true,"href":"https:\/\/aubertin.fr\/index.php\/wp-json\/wp\/v2\/categories?post=1648"},{"taxonomy":"post_tag","embeddable":true,"href":"https:\/\/aubertin.fr\/index.php\/wp-json\/wp\/v2\/tags?post=1648"}],"curies":[{"name":"wp","href":"https:\/\/api.w.org\/{rel}","templated":true}]}}