{"id":1654,"date":"2023-09-22T06:29:44","date_gmt":"2023-09-22T04:29:44","guid":{"rendered":"http:\/\/aubertin.fr\/?p=1654"},"modified":"2023-09-22T06:29:46","modified_gmt":"2023-09-22T04:29:46","slug":"semaine-bleue-2023-j-15","status":"publish","type":"post","link":"https:\/\/aubertin.fr\/index.php\/2023\/09\/22\/semaine-bleue-2023-j-15\/","title":{"rendered":"SEMAINE BLEUE 2023 J-15"},"content":{"rendered":"\n<p><strong>La Semaine Bleue 2023 aura lieu&nbsp;du&nbsp;<\/strong><strong><em>Lundi 02 octobre au Dimanche 08 octobre 2023&nbsp;sur le th\u00e8me \u00ab\u00a0<\/em><\/strong><strong>&nbsp;Vieillir ensemble, une chance \u00e0 cultiver\u2026\u00bb.&nbsp;<\/strong><\/p>\n\n\n\n<p><strong>Notre Comit\u00e9 d\u00e9partemental de la Semaine Bleue des Pyr\u00e9n\u00e9es Atlantiques vous remercie de trouver ci-joint&nbsp;:<\/strong><\/p>\n\n\n\n<p>=<strong>Calendrier<\/strong><strong>&nbsp;<\/strong>(non exhaustif) des manifestations dans le 64,<\/p>\n\n\n\n<p>=Invitation Visioconf\u00e9rence&nbsp;:&nbsp;<strong>Lancement d\u00e9partementa<\/strong><strong>l de la Semaine Bleue 2023<\/strong>avec l\u2019intervention de Jacques CABANES, Sociologue, sur le th\u00e8me&nbsp;\u00ab<strong><em>\u00ab\u00a0<\/em>&nbsp;Vieillir ensemble, une chance \u00e0 cultiver\u2026\u00bb,<\/strong>&nbsp;(lien&nbsp;visio envoy\u00e9 sur demande). La Conf\u00e9rence aura lieu en pr\u00e9sentiel \u00e0 la MJC DU LAU&nbsp;81 av du Loup \u00e0 Pau. Ouvert \u00e0 tous.<\/p>\n\n\n\n<p>=Invitation&nbsp;<strong>Rencontre d\u00e9partementale festive annuelle<\/strong>&nbsp;\u00e0 Mourenx&nbsp;le Jeudi 05 octobre 2023,<\/p>\n\n\n\n<p>Pour ceux qui nous rejoignent svp :<\/p>\n\n\n\n<p><em>*Bien nous pr\u00e9ciser votre heure d\u2019arriv\u00e9e sur le coupon r\u00e9ponse,<\/em><\/p>\n\n\n\n<p><em>*Pr\u00e9parez des trucs et astuces que vous pourrez d\u00e9poser sur un stand d\u00e9di\u00e9 et pr\u00e9senter pendant le repas&nbsp;; merci de r\u00e9diger la pr\u00e9sentation de vos liens et astuces sur une feuille format A4 en vue d\u2019un petit Recueil. Et n\u2019h\u00e9sitez pas \u00e0 nous apporter &nbsp;\u00ab&nbsp;le mat\u00e9riel en question&nbsp;\u00bb pour une restitution amusante lors de la Rencontre&nbsp;<\/em><\/p>\n\n\n\n<p><em>*Porter des cr\u00e9ations des A\u00een\u00e9s \u00e0 exposer pour le plaisir de tous les pr\u00e9sents<\/em><\/p>\n\n\n\n<p>=Calendrier des&nbsp;<strong>Marches bleues interg\u00e9n\u00e9rationnelles.<\/strong><\/p>\n\n\n\n<p><em><strong>Cette ann\u00e9e encore, nous remercions tous les Acteurs<\/strong><strong>&nbsp;mobilis\u00e9s dans l&rsquo;accompagnement et l\u2019animation aux Retrait\u00e9s sur les territoires, notamment \u00e0 l\u2019occasion des Semaines Bleues&#8230;<\/strong><\/em><\/p>\n\n\n\n<p><em>Face aux enjeux de la transition d\u00e9mographique, il s\u2019agit de faire vivre la conviction selon laquelle, vieillir ensemble est une chance, \u00e0 la fois pour les personnes \u00e2g\u00e9es et les plus jeunes g\u00e9n\u00e9rations, car elle leur permet de contribuer mutuellement \u00e0 la vie sociale et citoyenne, de b\u00e9n\u00e9ficier des ressources de chacun autour de la construction de projets communs et de tisser des liens durables. C\u2019est n\u00e9anmoins une chance \u00e0 cultiver, c&rsquo;est-\u00e0-dire qui doit se construire progressivement, \u00eatre nourrie et enrichie continuellement des apports et des regards de chacun pour lutter contre cette vision n\u00e9gative de l\u2019avanc\u00e9e en \u00e2ge.<\/em><\/p>\n\n\n\n<p><em><strong>Belle Semaine Bleue 2023 \u00e0 chacun !<\/strong><\/em><\/p>\n\n\n\n<div data-wp-interactive=\"core\/file\" class=\"wp-block-file\"><object data-wp-bind--hidden=\"!state.hasPdfPreview\" hidden class=\"wp-block-file__embed\" data=\"http:\/\/aubertin.fr\/wp-content\/uploads\/2023\/09\/2023-CALENDRIER-SB-64-non-exhaustif.pdf\" type=\"application\/pdf\" style=\"width:100%;height:600px\" aria-label=\"Contenu embarqu\u00e9 2023 CALENDRIER SB 64 non exhaustif.\"><\/object><a id=\"wp-block-file--media-bee91389-1cd8-4fad-be81-67daac968612\" href=\"http:\/\/aubertin.fr\/wp-content\/uploads\/2023\/09\/2023-CALENDRIER-SB-64-non-exhaustif.pdf\">2023 CALENDRIER SB 64 non exhaustif<\/a><a href=\"http:\/\/aubertin.fr\/wp-content\/uploads\/2023\/09\/2023-CALENDRIER-SB-64-non-exhaustif.pdf\" class=\"wp-block-file__button wp-element-button\" download aria-describedby=\"wp-block-file--media-bee91389-1cd8-4fad-be81-67daac968612\">T\u00e9l\u00e9charger<\/a><\/div>\n\n\n\n<div data-wp-interactive=\"core\/file\" class=\"wp-block-file\"><object data-wp-bind--hidden=\"!state.hasPdfPreview\" hidden class=\"wp-block-file__embed\" data=\"http:\/\/aubertin.fr\/wp-content\/uploads\/2023\/09\/SB-MARCHES-BLEUES-2023-dept-64.pdf\" type=\"application\/pdf\" style=\"width:100%;height:600px\" aria-label=\"Contenu embarqu\u00e9 SB MARCHES BLEUES 2023 d\u00e9pt 64.\"><\/object><a id=\"wp-block-file--media-d7fbb212-1386-4cbf-a360-eb87fd5f971f\" href=\"http:\/\/aubertin.fr\/wp-content\/uploads\/2023\/09\/SB-MARCHES-BLEUES-2023-dept-64.pdf\">SB MARCHES BLEUES 2023 d\u00e9pt 64<\/a><a href=\"http:\/\/aubertin.fr\/wp-content\/uploads\/2023\/09\/SB-MARCHES-BLEUES-2023-dept-64.pdf\" class=\"wp-block-file__button wp-element-button\" download aria-describedby=\"wp-block-file--media-d7fbb212-1386-4cbf-a360-eb87fd5f971f\">T\u00e9l\u00e9charger<\/a><\/div>\n\n\n\n<div data-wp-interactive=\"core\/file\" class=\"wp-block-file\"><object data-wp-bind--hidden=\"!state.hasPdfPreview\" hidden class=\"wp-block-file__embed\" data=\"http:\/\/aubertin.fr\/wp-content\/uploads\/2023\/09\/INVITATION-RENC-SEMAINE-BLEUE-05.10.23-MOURENX.pdf\" type=\"application\/pdf\" style=\"width:100%;height:600px\" aria-label=\"Contenu embarqu\u00e9 INVITATION RENC SEMAINE BLEUE 05.10.23 MOURENX.\"><\/object><a id=\"wp-block-file--media-5fc0fd81-0480-4985-883b-c636197eb883\" href=\"http:\/\/aubertin.fr\/wp-content\/uploads\/2023\/09\/INVITATION-RENC-SEMAINE-BLEUE-05.10.23-MOURENX.pdf\">INVITATION RENC SEMAINE BLEUE 05.10.23 MOURENX<\/a><a href=\"http:\/\/aubertin.fr\/wp-content\/uploads\/2023\/09\/INVITATION-RENC-SEMAINE-BLEUE-05.10.23-MOURENX.pdf\" class=\"wp-block-file__button wp-element-button\" download aria-describedby=\"wp-block-file--media-5fc0fd81-0480-4985-883b-c636197eb883\">T\u00e9l\u00e9chargero<\/a><\/div>\n\n\n\n<div data-wp-interactive=\"core\/file\" class=\"wp-block-file\"><object data-wp-bind--hidden=\"!state.hasPdfPreview\" hidden class=\"wp-block-file__embed\" data=\"http:\/\/aubertin.fr\/wp-content\/uploads\/2023\/09\/INVITATION-LANCEMENT-SEMAINE-BLEUE-L02.10.23.pdf\" type=\"application\/pdf\" style=\"width:100%;height:600px\" aria-label=\"Contenu embarqu\u00e9 INVITATION LANCEMENT SEMAINE BLEUE L02.10.23.\"><\/object><a id=\"wp-block-file--media-9c29240a-c8fe-4125-8a69-435e9f97e5e8\" href=\"http:\/\/aubertin.fr\/wp-content\/uploads\/2023\/09\/INVITATION-LANCEMENT-SEMAINE-BLEUE-L02.10.23.pdf\">INVITATION LANCEMENT SEMAINE BLEUE L02.10.23<\/a><a href=\"http:\/\/aubertin.fr\/wp-content\/uploads\/2023\/09\/INVITATION-LANCEMENT-SEMAINE-BLEUE-L02.10.23.pdf\" class=\"wp-block-file__button wp-element-button\" download aria-describedby=\"wp-block-file--media-9c29240a-c8fe-4125-8a69-435e9f97e5e8\">T\u00e9l\u00e9charger<\/a><\/div>\n","protected":false},"excerpt":{"rendered":"<p>La Semaine Bleue 2023 aura lieu&nbsp;du&nbsp;Lundi 02 octobre au Dimanche 08 octobre 2023&nbsp;sur le th\u00e8me \u00ab\u00a0&nbsp;Vieillir ensemble, une chance \u00e0 cultiver\u2026\u00bb.&nbsp; Notre Comit\u00e9 d\u00e9partemental de la Semaine Bleue des Pyr\u00e9n\u00e9es Atlantiques vous remercie de trouver ci-joint&nbsp;: =Calendrier&nbsp;(non exhaustif) des manifestations dans le 64, =Invitation Visioconf\u00e9rence&nbsp;:&nbsp;Lancement d\u00e9partemental de la Semaine Bleue 2023avec l\u2019intervention de Jacques CABANES, &hellip; <\/p>\n<p><a class=\"more-link btn\" href=\"https:\/\/aubertin.fr\/index.php\/2023\/09\/22\/semaine-bleue-2023-j-15\/\">Lire la suite<\/a><\/p>\n","protected":false},"author":3,"featured_media":1655,"comment_status":"closed","ping_status":"closed","sticky":false,"template":"","format":"standard","meta":{"footnotes":""},"categories":[1],"tags":[],"class_list":["post-1654","post","type-post","status-publish","format-standard","has-post-thumbnail","hentry","category-non-classe","item-wrap"],"_links":{"self":[{"href":"https:\/\/aubertin.fr\/index.php\/wp-json\/wp\/v2\/posts\/1654","targetHints":{"allow":["GET"]}}],"collection":[{"href":"https:\/\/aubertin.fr\/index.php\/wp-json\/wp\/v2\/posts"}],"about":[{"href":"https:\/\/aubertin.fr\/index.php\/wp-json\/wp\/v2\/types\/post"}],"author":[{"embeddable":true,"href":"https:\/\/aubertin.fr\/index.php\/wp-json\/wp\/v2\/users\/3"}],"replies":[{"embeddable":true,"href":"https:\/\/aubertin.fr\/index.php\/wp-json\/wp\/v2\/comments?post=1654"}],"version-history":[{"count":1,"href":"https:\/\/aubertin.fr\/index.php\/wp-json\/wp\/v2\/posts\/1654\/revisions"}],"predecessor-version":[{"id":1656,"href":"https:\/\/aubertin.fr\/index.php\/wp-json\/wp\/v2\/posts\/1654\/revisions\/1656"}],"wp:featuredmedia":[{"embeddable":true,"href":"https:\/\/aubertin.fr\/index.php\/wp-json\/wp\/v2\/media\/1655"}],"wp:attachment":[{"href":"https:\/\/aubertin.fr\/index.php\/wp-json\/wp\/v2\/media?parent=1654"}],"wp:term":[{"taxonomy":"category","embeddable":true,"href":"https:\/\/aubertin.fr\/index.php\/wp-json\/wp\/v2\/categories?post=1654"},{"taxonomy":"post_tag","embeddable":true,"href":"https:\/\/aubertin.fr\/index.php\/wp-json\/wp\/v2\/tags?post=1654"}],"curies":[{"name":"wp","href":"https:\/\/api.w.org\/{rel}","templated":true}]}}