{"id":1745,"date":"2023-10-25T12:24:42","date_gmt":"2023-10-25T10:24:42","guid":{"rendered":"https:\/\/aubertin.fr\/?p=1745"},"modified":"2023-10-25T12:24:43","modified_gmt":"2023-10-25T10:24:43","slug":"le-29-octobre-a-15-h-a-la-maison-pour-tous","status":"publish","type":"post","link":"https:\/\/aubertin.fr\/index.php\/2023\/10\/25\/le-29-octobre-a-15-h-a-la-maison-pour-tous\/","title":{"rendered":"Le 29 octobre \u00e0 15 h \u00a0\u00e0 la maison pour tous\u00a0"},"content":{"rendered":"\n<p>La fian\u00e7ade &nbsp; ou comment \u00e9gayer une retraite solitaire &nbsp;<\/p>\n\n\n\n<p>Par la&nbsp;Bande&nbsp;Originale d\u2019Aubertin et l\u2019Association Musique pour Ha\u00efti.<\/p>\n\n\n\n<p><br>Repr\u00e9sentation de la farce paysanne d\u2019Adrien&nbsp;Laborde&nbsp;,&nbsp;elle&nbsp;conjugue&nbsp;un texte humoristique en&nbsp;<strong>b\u00e9arnais et fran\u00e7ais<\/strong>.&nbsp;C\u2019est&nbsp;l\u2019histoire&nbsp;d\u2019Emile, un paysan&nbsp;retrait\u00e9 de la SNPA .Jeune retrait\u00e9, rong\u00e9 par la solitude, riche, car tr\u00e8s \u00e9conome, son copain d\u2019ap\u00e9ro lui conseille de prendre une fianc\u00e9e. Elle arrive des pays de l\u2019Est. L\u00e0, comme dans le film, \u00ab Je vous trouve tr\u00e8s beau \u00bb les probl\u00e8mes commencent&#8230;&nbsp;\u00e9prise d\u2019autonomie ne l\u2019entend pas de cette oreille. De l\u00e0 s\u2019ensuivent toutes les p\u00e9rip\u00e9ties d\u2019un vaudeville qui se termine au mieux. Car \u00ab&nbsp;tant qu\u2019on l\u00e8ve les coudes, on ne baisse pas les bras&nbsp;\u00bb, lance \u00c9mile au moment de trinquer.<\/p>\n\n\n\n<p>Entr\u00e9e libre et&nbsp;gratuite &nbsp;,&nbsp;les&nbsp;dons&nbsp;seront vers\u00e9s \u00e0 l\u2019association Musique pour Ha\u00efti, qui vient en aide \u00e0 des enfants orphelins d\u2019Ha\u00efti.<\/p>\n\n\n\n<p><\/p>\n\n\n\n<p><\/p>\n\n\n\n<figure class=\"wp-block-image size-large\"><img loading=\"lazy\" decoding=\"async\" width=\"1024\" height=\"518\" src=\"http:\/\/aubertin.fr\/wp-content\/uploads\/2023\/10\/IMG_7615-1024x518.jpeg\" alt=\"\" class=\"wp-image-1687\" srcset=\"https:\/\/aubertin.fr\/wp-content\/uploads\/2023\/10\/IMG_7615-1024x518.jpeg 1024w, https:\/\/aubertin.fr\/wp-content\/uploads\/2023\/10\/IMG_7615-300x152.jpeg 300w, https:\/\/aubertin.fr\/wp-content\/uploads\/2023\/10\/IMG_7615-768x389.jpeg 768w, https:\/\/aubertin.fr\/wp-content\/uploads\/2023\/10\/IMG_7615-555x281.jpeg 555w, https:\/\/aubertin.fr\/wp-content\/uploads\/2023\/10\/IMG_7615.jpeg 1379w\" sizes=\"auto, (max-width: 1024px) 100vw, 1024px\" \/><\/figure>\n\n\n\n<p><\/p>\n\n\n\n<p><\/p>\n\n\n\n<figure class=\"wp-block-image\"><img decoding=\"async\" src=\"blob:http:\/\/aubertin.fr\/5a176c79-590c-40ed-b522-886c0665bfb9\" alt=\"\"\/><\/figure>\n","protected":false},"excerpt":{"rendered":"<p>La fian\u00e7ade &nbsp; ou comment \u00e9gayer une retraite solitaire &nbsp; Par la&nbsp;Bande&nbsp;Originale d\u2019Aubertin et l\u2019Association Musique pour Ha\u00efti. Repr\u00e9sentation de la farce paysanne d\u2019Adrien&nbsp;Laborde&nbsp;,&nbsp;elle&nbsp;conjugue&nbsp;un texte humoristique en&nbsp;b\u00e9arnais et fran\u00e7ais.&nbsp;C\u2019est&nbsp;l\u2019histoire&nbsp;d\u2019Emile, un paysan&nbsp;retrait\u00e9 de la SNPA .Jeune retrait\u00e9, rong\u00e9 par la solitude, riche, car tr\u00e8s \u00e9conome, son copain d\u2019ap\u00e9ro lui conseille de prendre une fianc\u00e9e. Elle arrive &hellip; <\/p>\n<p><a class=\"more-link btn\" href=\"https:\/\/aubertin.fr\/index.php\/2023\/10\/25\/le-29-octobre-a-15-h-a-la-maison-pour-tous\/\">Lire la suite<\/a><\/p>\n","protected":false},"author":3,"featured_media":1700,"comment_status":"closed","ping_status":"closed","sticky":false,"template":"","format":"standard","meta":{"footnotes":""},"categories":[1],"tags":[],"class_list":["post-1745","post","type-post","status-publish","format-standard","has-post-thumbnail","hentry","category-non-classe","item-wrap"],"_links":{"self":[{"href":"https:\/\/aubertin.fr\/index.php\/wp-json\/wp\/v2\/posts\/1745","targetHints":{"allow":["GET"]}}],"collection":[{"href":"https:\/\/aubertin.fr\/index.php\/wp-json\/wp\/v2\/posts"}],"about":[{"href":"https:\/\/aubertin.fr\/index.php\/wp-json\/wp\/v2\/types\/post"}],"author":[{"embeddable":true,"href":"https:\/\/aubertin.fr\/index.php\/wp-json\/wp\/v2\/users\/3"}],"replies":[{"embeddable":true,"href":"https:\/\/aubertin.fr\/index.php\/wp-json\/wp\/v2\/comments?post=1745"}],"version-history":[{"count":1,"href":"https:\/\/aubertin.fr\/index.php\/wp-json\/wp\/v2\/posts\/1745\/revisions"}],"predecessor-version":[{"id":1746,"href":"https:\/\/aubertin.fr\/index.php\/wp-json\/wp\/v2\/posts\/1745\/revisions\/1746"}],"wp:featuredmedia":[{"embeddable":true,"href":"https:\/\/aubertin.fr\/index.php\/wp-json\/wp\/v2\/media\/1700"}],"wp:attachment":[{"href":"https:\/\/aubertin.fr\/index.php\/wp-json\/wp\/v2\/media?parent=1745"}],"wp:term":[{"taxonomy":"category","embeddable":true,"href":"https:\/\/aubertin.fr\/index.php\/wp-json\/wp\/v2\/categories?post=1745"},{"taxonomy":"post_tag","embeddable":true,"href":"https:\/\/aubertin.fr\/index.php\/wp-json\/wp\/v2\/tags?post=1745"}],"curies":[{"name":"wp","href":"https:\/\/api.w.org\/{rel}","templated":true}]}}