{"id":1779,"date":"2023-11-02T10:26:07","date_gmt":"2023-11-02T09:26:07","guid":{"rendered":"https:\/\/aubertin.fr\/?p=1779"},"modified":"2023-11-02T10:26:26","modified_gmt":"2023-11-02T09:26:26","slug":"deces-de-guy-baudorre","status":"publish","type":"post","link":"https:\/\/aubertin.fr\/index.php\/2023\/11\/02\/deces-de-guy-baudorre\/","title":{"rendered":"D\u00e9c\u00e8s de Monsieur Guy Baudorre"},"content":{"rendered":"\n<p>Monsieur Guy Baudorre est d\u00e9c\u00e9d\u00e9 \u00e0 l&rsquo;\u00e2ge de 65 ans. <\/p>\n\n\n\n<p>Les obs\u00e8ques se d\u00e9rouleront \u00e0 l\u2019\u00e9glise d\u2019Aubertin le lundi  6 novembre \u00e0 14 heures 30. <\/p>\n\n\n\n<p>Le conseil municipal pr\u00e9sente ses sinc\u00e8res condol\u00e9ances et s&rsquo;associe \u00e0 la peine de la famille.<\/p>\n","protected":false},"excerpt":{"rendered":"<p>Monsieur Guy Baudorre est d\u00e9c\u00e9d\u00e9 \u00e0 l&rsquo;\u00e2ge de 65 ans. Les obs\u00e8ques se d\u00e9rouleront \u00e0 l\u2019\u00e9glise d\u2019Aubertin le lundi 6 novembre \u00e0 14 heures 30. Le conseil municipal pr\u00e9sente ses sinc\u00e8res condol\u00e9ances et s&rsquo;associe \u00e0 la peine de la famille.<\/p>\n","protected":false},"author":3,"featured_media":926,"comment_status":"closed","ping_status":"closed","sticky":false,"template":"","format":"standard","meta":{"footnotes":""},"categories":[1],"tags":[],"class_list":["post-1779","post","type-post","status-publish","format-standard","has-post-thumbnail","hentry","category-non-classe","item-wrap"],"_links":{"self":[{"href":"https:\/\/aubertin.fr\/index.php\/wp-json\/wp\/v2\/posts\/1779","targetHints":{"allow":["GET"]}}],"collection":[{"href":"https:\/\/aubertin.fr\/index.php\/wp-json\/wp\/v2\/posts"}],"about":[{"href":"https:\/\/aubertin.fr\/index.php\/wp-json\/wp\/v2\/types\/post"}],"author":[{"embeddable":true,"href":"https:\/\/aubertin.fr\/index.php\/wp-json\/wp\/v2\/users\/3"}],"replies":[{"embeddable":true,"href":"https:\/\/aubertin.fr\/index.php\/wp-json\/wp\/v2\/comments?post=1779"}],"version-history":[{"count":2,"href":"https:\/\/aubertin.fr\/index.php\/wp-json\/wp\/v2\/posts\/1779\/revisions"}],"predecessor-version":[{"id":1781,"href":"https:\/\/aubertin.fr\/index.php\/wp-json\/wp\/v2\/posts\/1779\/revisions\/1781"}],"wp:featuredmedia":[{"embeddable":true,"href":"https:\/\/aubertin.fr\/index.php\/wp-json\/wp\/v2\/media\/926"}],"wp:attachment":[{"href":"https:\/\/aubertin.fr\/index.php\/wp-json\/wp\/v2\/media?parent=1779"}],"wp:term":[{"taxonomy":"category","embeddable":true,"href":"https:\/\/aubertin.fr\/index.php\/wp-json\/wp\/v2\/categories?post=1779"},{"taxonomy":"post_tag","embeddable":true,"href":"https:\/\/aubertin.fr\/index.php\/wp-json\/wp\/v2\/tags?post=1779"}],"curies":[{"name":"wp","href":"https:\/\/api.w.org\/{rel}","templated":true}]}}