{"id":1910,"date":"2023-11-30T07:42:00","date_gmt":"2023-11-30T06:42:00","guid":{"rendered":"http:\/\/aubertin.fr\/?p=1910"},"modified":"2023-11-29T20:46:07","modified_gmt":"2023-11-29T19:46:07","slug":"inscriptions-au-4e-defi-biodiversite","status":"publish","type":"post","link":"https:\/\/aubertin.fr\/index.php\/2023\/11\/30\/inscriptions-au-4e-defi-biodiversite\/","title":{"rendered":"Inscriptions au 4\u00e8 d\u00e9fi biodiversit\u00e9"},"content":{"rendered":"\n<p>L\u2019association\u00a0<strong>Ecoc\u00e8ne<\/strong>, soutenue par la\u00a0<strong>Ville et l\u2019Agglom\u00e9ration de Pau<\/strong>, ouvre sa campagne d\u2019inscriptions au\u00a0<strong>4\u00e8 D\u00e9fi Biodiversit\u00e9<\/strong>. La participation est libre, gratuite et ouverte \u00e0 toutes et tous, r\u00e9sidant en appartement ou maison, avec ou sans jardin, aux personnes seules comme aux couples, aux familles, coll\u00e8gues ou amis. Chacun est invit\u00e9 \u00e0 transmettre \u00e0 l\u2019association sa\u00a0<strong>candidature, et ce\u00a0jusqu\u2019au 17 f\u00e9vrier.<\/strong><br>Les candidatures, qui prennent la forme d\u2019une premi\u00e8re d\u00e9claration d\u2019intention, sont \u00e0 transmettre \u00e0 l\u2019adresse mail suivante :\u00a0<a href=\"mailto:defibiodiv@ecocene.fr\">defibiodiv@ecocene.fr\u00a0<\/a><\/p>\n\n\n\n<div data-wp-interactive=\"core\/file\" class=\"wp-block-file\"><object data-wp-bind--hidden=\"!state.hasPdfPreview\" hidden class=\"wp-block-file__embed\" data=\"http:\/\/aubertin.fr\/wp-content\/uploads\/2023\/11\/20231123_CP_Defi_Biodiv_ouverture_inscr.pdf\" type=\"application\/pdf\" style=\"width:100%;height:600px\" aria-label=\"Contenu embarqu\u00e9 20231123_CP_D\u00e9fi_Biodiv_ouverture_inscr.\"><\/object><a id=\"wp-block-file--media-e3613d69-1bde-47e6-bda3-8fddcff7826c\" href=\"http:\/\/aubertin.fr\/wp-content\/uploads\/2023\/11\/20231123_CP_Defi_Biodiv_ouverture_inscr.pdf\">20231123_CP_D\u00e9fi_Biodiv_ouverture_inscr<\/a><a href=\"http:\/\/aubertin.fr\/wp-content\/uploads\/2023\/11\/20231123_CP_Defi_Biodiv_ouverture_inscr.pdf\" class=\"wp-block-file__button wp-element-button\" download aria-describedby=\"wp-block-file--media-e3613d69-1bde-47e6-bda3-8fddcff7826c\">T\u00e9l\u00e9charger<\/a><\/div>\n\n\n\n<figure class=\"wp-block-image size-large\"><img loading=\"lazy\" decoding=\"async\" width=\"731\" height=\"1024\" src=\"http:\/\/aubertin.fr\/wp-content\/uploads\/2023\/11\/IMG_8135-731x1024.jpeg\" alt=\"\" class=\"wp-image-1904\" srcset=\"https:\/\/aubertin.fr\/wp-content\/uploads\/2023\/11\/IMG_8135-731x1024.jpeg 731w, https:\/\/aubertin.fr\/wp-content\/uploads\/2023\/11\/IMG_8135-214x300.jpeg 214w, https:\/\/aubertin.fr\/wp-content\/uploads\/2023\/11\/IMG_8135-768x1075.jpeg 768w, https:\/\/aubertin.fr\/wp-content\/uploads\/2023\/11\/IMG_8135-1097x1536.jpeg 1097w, https:\/\/aubertin.fr\/wp-content\/uploads\/2023\/11\/IMG_8135-1463x2048.jpeg 1463w, https:\/\/aubertin.fr\/wp-content\/uploads\/2023\/11\/IMG_8135-555x777.jpeg 555w, https:\/\/aubertin.fr\/wp-content\/uploads\/2023\/11\/IMG_8135.jpeg 1817w\" sizes=\"auto, (max-width: 731px) 100vw, 731px\" \/><\/figure>\n","protected":false},"excerpt":{"rendered":"<p>L\u2019association\u00a0Ecoc\u00e8ne, soutenue par la\u00a0Ville et l\u2019Agglom\u00e9ration de Pau, ouvre sa campagne d\u2019inscriptions au\u00a04\u00e8 D\u00e9fi Biodiversit\u00e9. La participation est libre, gratuite et ouverte \u00e0 toutes et tous, r\u00e9sidant en appartement ou maison, avec ou sans jardin, aux personnes seules comme aux couples, aux familles, coll\u00e8gues ou amis. Chacun est invit\u00e9 \u00e0 transmettre \u00e0 l\u2019association sa\u00a0candidature, et &hellip; <\/p>\n<p><a class=\"more-link btn\" href=\"https:\/\/aubertin.fr\/index.php\/2023\/11\/30\/inscriptions-au-4e-defi-biodiversite\/\">Lire la suite<\/a><\/p>\n","protected":false},"author":3,"featured_media":1904,"comment_status":"closed","ping_status":"closed","sticky":false,"template":"","format":"standard","meta":{"footnotes":""},"categories":[1],"tags":[],"class_list":["post-1910","post","type-post","status-publish","format-standard","has-post-thumbnail","hentry","category-non-classe","item-wrap"],"_links":{"self":[{"href":"https:\/\/aubertin.fr\/index.php\/wp-json\/wp\/v2\/posts\/1910","targetHints":{"allow":["GET"]}}],"collection":[{"href":"https:\/\/aubertin.fr\/index.php\/wp-json\/wp\/v2\/posts"}],"about":[{"href":"https:\/\/aubertin.fr\/index.php\/wp-json\/wp\/v2\/types\/post"}],"author":[{"embeddable":true,"href":"https:\/\/aubertin.fr\/index.php\/wp-json\/wp\/v2\/users\/3"}],"replies":[{"embeddable":true,"href":"https:\/\/aubertin.fr\/index.php\/wp-json\/wp\/v2\/comments?post=1910"}],"version-history":[{"count":1,"href":"https:\/\/aubertin.fr\/index.php\/wp-json\/wp\/v2\/posts\/1910\/revisions"}],"predecessor-version":[{"id":1912,"href":"https:\/\/aubertin.fr\/index.php\/wp-json\/wp\/v2\/posts\/1910\/revisions\/1912"}],"wp:featuredmedia":[{"embeddable":true,"href":"https:\/\/aubertin.fr\/index.php\/wp-json\/wp\/v2\/media\/1904"}],"wp:attachment":[{"href":"https:\/\/aubertin.fr\/index.php\/wp-json\/wp\/v2\/media?parent=1910"}],"wp:term":[{"taxonomy":"category","embeddable":true,"href":"https:\/\/aubertin.fr\/index.php\/wp-json\/wp\/v2\/categories?post=1910"},{"taxonomy":"post_tag","embeddable":true,"href":"https:\/\/aubertin.fr\/index.php\/wp-json\/wp\/v2\/tags?post=1910"}],"curies":[{"name":"wp","href":"https:\/\/api.w.org\/{rel}","templated":true}]}}