{"id":1992,"date":"2023-12-19T06:22:56","date_gmt":"2023-12-19T05:22:56","guid":{"rendered":"http:\/\/aubertin.fr\/?p=1992"},"modified":"2023-12-19T06:22:57","modified_gmt":"2023-12-19T05:22:57","slug":"depart-a-la-retraite-de-corinne","status":"publish","type":"post","link":"https:\/\/aubertin.fr\/index.php\/2023\/12\/19\/depart-a-la-retraite-de-corinne\/","title":{"rendered":"D\u00e9part \u00e0 la retraite de Corinne."},"content":{"rendered":"\n<p>Apr\u00e8s 23 ans au service de la commune, Corinne fait ses valises pour un long voyage et un repos bien m\u00e9rit\u00e9 : la retraite. <br>Place aux jeunes ! Alexandre prend la rel\u00e8ve au c\u00f4t\u00e9 d\u2019Alexia, du centre de loisirs d\u2019Artiguelouve, qui l\u2019\u00e9paule sur le temps de la cantine. <br>Le conseil municipal souhaite une belle et longue retraite \u00e0 Corinne, et souhaite la bienvenue aux jeunes.<\/p>\n\n\n\n<figure class=\"wp-block-image size-large\"><img loading=\"lazy\" decoding=\"async\" width=\"1024\" height=\"577\" src=\"http:\/\/aubertin.fr\/wp-content\/uploads\/2023\/12\/797ac52c-7177-4a2d-bac9-bcc9dae4b7d1-1024x577.jpeg\" alt=\"\" class=\"wp-image-1993\" srcset=\"https:\/\/aubertin.fr\/wp-content\/uploads\/2023\/12\/797ac52c-7177-4a2d-bac9-bcc9dae4b7d1-1024x577.jpeg 1024w, https:\/\/aubertin.fr\/wp-content\/uploads\/2023\/12\/797ac52c-7177-4a2d-bac9-bcc9dae4b7d1-300x169.jpeg 300w, https:\/\/aubertin.fr\/wp-content\/uploads\/2023\/12\/797ac52c-7177-4a2d-bac9-bcc9dae4b7d1-768x432.jpeg 768w, https:\/\/aubertin.fr\/wp-content\/uploads\/2023\/12\/797ac52c-7177-4a2d-bac9-bcc9dae4b7d1-1536x865.jpeg 1536w, https:\/\/aubertin.fr\/wp-content\/uploads\/2023\/12\/797ac52c-7177-4a2d-bac9-bcc9dae4b7d1-555x313.jpeg 555w, https:\/\/aubertin.fr\/wp-content\/uploads\/2023\/12\/797ac52c-7177-4a2d-bac9-bcc9dae4b7d1.jpeg 1600w\" sizes=\"auto, (max-width: 1024px) 100vw, 1024px\" \/><\/figure>\n","protected":false},"excerpt":{"rendered":"<p>Apr\u00e8s 23 ans au service de la commune, Corinne fait ses valises pour un long voyage et un repos bien m\u00e9rit\u00e9 : la retraite. Place aux jeunes ! Alexandre prend la rel\u00e8ve au c\u00f4t\u00e9 d\u2019Alexia, du centre de loisirs d\u2019Artiguelouve, qui l\u2019\u00e9paule sur le temps de la cantine. Le conseil municipal souhaite une belle et &hellip; <\/p>\n<p><a class=\"more-link btn\" href=\"https:\/\/aubertin.fr\/index.php\/2023\/12\/19\/depart-a-la-retraite-de-corinne\/\">Lire la suite<\/a><\/p>\n","protected":false},"author":3,"featured_media":1993,"comment_status":"closed","ping_status":"closed","sticky":false,"template":"","format":"standard","meta":{"footnotes":""},"categories":[1],"tags":[],"class_list":["post-1992","post","type-post","status-publish","format-standard","has-post-thumbnail","hentry","category-non-classe","item-wrap"],"_links":{"self":[{"href":"https:\/\/aubertin.fr\/index.php\/wp-json\/wp\/v2\/posts\/1992","targetHints":{"allow":["GET"]}}],"collection":[{"href":"https:\/\/aubertin.fr\/index.php\/wp-json\/wp\/v2\/posts"}],"about":[{"href":"https:\/\/aubertin.fr\/index.php\/wp-json\/wp\/v2\/types\/post"}],"author":[{"embeddable":true,"href":"https:\/\/aubertin.fr\/index.php\/wp-json\/wp\/v2\/users\/3"}],"replies":[{"embeddable":true,"href":"https:\/\/aubertin.fr\/index.php\/wp-json\/wp\/v2\/comments?post=1992"}],"version-history":[{"count":1,"href":"https:\/\/aubertin.fr\/index.php\/wp-json\/wp\/v2\/posts\/1992\/revisions"}],"predecessor-version":[{"id":1994,"href":"https:\/\/aubertin.fr\/index.php\/wp-json\/wp\/v2\/posts\/1992\/revisions\/1994"}],"wp:featuredmedia":[{"embeddable":true,"href":"https:\/\/aubertin.fr\/index.php\/wp-json\/wp\/v2\/media\/1993"}],"wp:attachment":[{"href":"https:\/\/aubertin.fr\/index.php\/wp-json\/wp\/v2\/media?parent=1992"}],"wp:term":[{"taxonomy":"category","embeddable":true,"href":"https:\/\/aubertin.fr\/index.php\/wp-json\/wp\/v2\/categories?post=1992"},{"taxonomy":"post_tag","embeddable":true,"href":"https:\/\/aubertin.fr\/index.php\/wp-json\/wp\/v2\/tags?post=1992"}],"curies":[{"name":"wp","href":"https:\/\/api.w.org\/{rel}","templated":true}]}}