{"id":2149,"date":"2024-02-09T07:10:03","date_gmt":"2024-02-09T06:10:03","guid":{"rendered":"http:\/\/aubertin.fr\/?p=2149"},"modified":"2024-02-09T07:10:05","modified_gmt":"2024-02-09T06:10:05","slug":"quartiers-de-metiers","status":"publish","type":"post","link":"https:\/\/aubertin.fr\/index.php\/2024\/02\/09\/quartiers-de-metiers\/","title":{"rendered":"Quartiers de m\u00e9tiers"},"content":{"rendered":"\n<p>Le&nbsp;<strong>15 F\u00e9vrier<\/strong>&nbsp;prochain se d\u00e9roulera la 3<sup>\u00e8me<\/sup>\u00e9dition&nbsp;du<strong>&nbsp;QUARTIER DES M\u00c9TIERS<\/strong>,&nbsp;de&nbsp;<strong>10h \u00e0 17h<\/strong>, \u00e0&nbsp;<strong>Quartier Libre Lescar<\/strong>,&nbsp;180 boulevard de l&rsquo;Europe 64230 Lescar.&nbsp;<\/p>\n\n\n\n<p>Cet \u00e9v\u00e8nement sera, pour vous, l&rsquo;opportunit\u00e9 de rencontrer des Organismes de formations, des entreprises (au nombre de 74) et des partenaires de l&#8217;emploi.&nbsp;<\/p>\n\n\n\n<p>Afin de faciliter la recherche, la rencontre et l&rsquo;accessibilit\u00e9 la mairie de Lescar a cr\u00e9\u00e9 des \u00ab&nbsp;p\u00f4les&nbsp;\u00bb par secteurs d&rsquo;activit\u00e9s repr\u00e9sent\u00e9s&nbsp;:<\/p>\n\n\n\n<p><strong>Industrie\/Energies<\/strong>&nbsp;(32 offres)&nbsp;&nbsp;&nbsp;&nbsp;&nbsp;&nbsp;&nbsp;&nbsp;&nbsp;&nbsp;&nbsp;<strong>Automobile\/Transport<\/strong>&nbsp;(16 offres)&nbsp;<\/p>\n\n\n\n<p><strong>Agriculture&nbsp;<\/strong>(62 offres)<strong>&nbsp;&nbsp;&nbsp;&nbsp;&nbsp;&nbsp;&nbsp;&nbsp;&nbsp;&nbsp;&nbsp;&nbsp;&nbsp;&nbsp;&nbsp;&nbsp;&nbsp;&nbsp;&nbsp;&nbsp;&nbsp;&nbsp;&nbsp;&nbsp;&nbsp;&nbsp;S\u00e9curit\u00e9\/Commerce\/Banque<\/strong>(30 offres)<strong>&nbsp;&nbsp;&nbsp;<\/strong><\/p>\n\n\n\n<p><strong>Insertion&nbsp;<\/strong>(15 offres)<strong>&nbsp;&nbsp;&nbsp;&nbsp;&nbsp;&nbsp;&nbsp;&nbsp;&nbsp;&nbsp;&nbsp;&nbsp;&nbsp;&nbsp;&nbsp;&nbsp;&nbsp;&nbsp;&nbsp;&nbsp;&nbsp;&nbsp;&nbsp;&nbsp;&nbsp;&nbsp;&nbsp;&nbsp;&nbsp;Sant\u00e9&nbsp;<\/strong>(31 offres)&nbsp;&nbsp;&nbsp;&nbsp;&nbsp;&nbsp;&nbsp;&nbsp;&nbsp;<strong>BTP&nbsp;<\/strong>(46 offres)&nbsp;&nbsp;<\/p>\n\n\n\n<p>En participant \u00e0 ce salon, vous pourrez&nbsp;:<\/p>\n\n\n\n<p>\u00b7&nbsp;&nbsp;&nbsp;&nbsp;&nbsp;&nbsp;&nbsp;&nbsp;<strong><u>D\u00e9couvrir des m\u00e9tiers<\/u><\/strong>&nbsp;&nbsp;et rechercher des entreprises accueillantes pour effectuer des&nbsp;<strong><u>immersions professionnelles<\/u><\/strong><\/p>\n\n\n\n<p>\u00b7&nbsp;&nbsp;&nbsp;&nbsp;&nbsp;&nbsp;&nbsp;&nbsp;<strong><u>Rencontrer et \u00e9changer<\/u><\/strong>&nbsp;avec les acteurs de l&rsquo;accompagnement emploi<\/p>\n\n\n\n<p>\u00b7&nbsp;&nbsp;&nbsp;&nbsp;&nbsp;&nbsp;&nbsp;&nbsp;Vous renseigner sur&nbsp;<strong><u>les formations<\/u><\/strong><\/p>\n\n\n\n<p>\u00b7&nbsp;&nbsp;&nbsp;&nbsp;&nbsp;&nbsp;&nbsp;&nbsp;Avoir une visibilit\u00e9 et&nbsp;<strong><u>candidater sur les offres d&#8217;emploi<\/u>&nbsp;<\/strong>aupr\u00e8s des entreprises pr\u00e9sentes, de celles des Agences Int\u00e9rim et de France Travail<\/p>\n\n\n\n<p>\u00b7&nbsp;&nbsp;&nbsp;&nbsp;&nbsp;&nbsp;&nbsp;&nbsp;B\u00e9n\u00e9ficier de&nbsp;<strong><u>mises en relation<\/u><\/strong>&nbsp;de la part de nos services<\/p>\n\n\n\n<figure class=\"wp-block-image size-large\"><img loading=\"lazy\" decoding=\"async\" width=\"707\" height=\"1024\" src=\"http:\/\/aubertin.fr\/wp-content\/uploads\/2024\/02\/qdm-707x1024.jpg\" alt=\"\" class=\"wp-image-2148\" srcset=\"https:\/\/aubertin.fr\/wp-content\/uploads\/2024\/02\/qdm-707x1024.jpg 707w, https:\/\/aubertin.fr\/wp-content\/uploads\/2024\/02\/qdm-207x300.jpg 207w, https:\/\/aubertin.fr\/wp-content\/uploads\/2024\/02\/qdm-768x1112.jpg 768w, https:\/\/aubertin.fr\/wp-content\/uploads\/2024\/02\/qdm-1061x1536.jpg 1061w, https:\/\/aubertin.fr\/wp-content\/uploads\/2024\/02\/qdm-1414x2048.jpg 1414w, https:\/\/aubertin.fr\/wp-content\/uploads\/2024\/02\/qdm-555x804.jpg 555w, https:\/\/aubertin.fr\/wp-content\/uploads\/2024\/02\/qdm-scaled.jpg 1768w\" sizes=\"auto, (max-width: 707px) 100vw, 707px\" \/><\/figure>\n","protected":false},"excerpt":{"rendered":"<p>Le&nbsp;15 F\u00e9vrier&nbsp;prochain se d\u00e9roulera la 3\u00e8me\u00e9dition&nbsp;du&nbsp;QUARTIER DES M\u00c9TIERS,&nbsp;de&nbsp;10h \u00e0 17h, \u00e0&nbsp;Quartier Libre Lescar,&nbsp;180 boulevard de l&rsquo;Europe 64230 Lescar.&nbsp; Cet \u00e9v\u00e8nement sera, pour vous, l&rsquo;opportunit\u00e9 de rencontrer des Organismes de formations, des entreprises (au nombre de 74) et des partenaires de l&#8217;emploi.&nbsp; Afin de faciliter la recherche, la rencontre et l&rsquo;accessibilit\u00e9 la mairie de Lescar a &hellip; <\/p>\n<p><a class=\"more-link btn\" href=\"https:\/\/aubertin.fr\/index.php\/2024\/02\/09\/quartiers-de-metiers\/\">Lire la suite<\/a><\/p>\n","protected":false},"author":3,"featured_media":0,"comment_status":"closed","ping_status":"closed","sticky":false,"template":"","format":"standard","meta":{"footnotes":""},"categories":[1],"tags":[],"class_list":["post-2149","post","type-post","status-publish","format-standard","hentry","category-non-classe","item-wrap"],"_links":{"self":[{"href":"https:\/\/aubertin.fr\/index.php\/wp-json\/wp\/v2\/posts\/2149","targetHints":{"allow":["GET"]}}],"collection":[{"href":"https:\/\/aubertin.fr\/index.php\/wp-json\/wp\/v2\/posts"}],"about":[{"href":"https:\/\/aubertin.fr\/index.php\/wp-json\/wp\/v2\/types\/post"}],"author":[{"embeddable":true,"href":"https:\/\/aubertin.fr\/index.php\/wp-json\/wp\/v2\/users\/3"}],"replies":[{"embeddable":true,"href":"https:\/\/aubertin.fr\/index.php\/wp-json\/wp\/v2\/comments?post=2149"}],"version-history":[{"count":1,"href":"https:\/\/aubertin.fr\/index.php\/wp-json\/wp\/v2\/posts\/2149\/revisions"}],"predecessor-version":[{"id":2150,"href":"https:\/\/aubertin.fr\/index.php\/wp-json\/wp\/v2\/posts\/2149\/revisions\/2150"}],"wp:attachment":[{"href":"https:\/\/aubertin.fr\/index.php\/wp-json\/wp\/v2\/media?parent=2149"}],"wp:term":[{"taxonomy":"category","embeddable":true,"href":"https:\/\/aubertin.fr\/index.php\/wp-json\/wp\/v2\/categories?post=2149"},{"taxonomy":"post_tag","embeddable":true,"href":"https:\/\/aubertin.fr\/index.php\/wp-json\/wp\/v2\/tags?post=2149"}],"curies":[{"name":"wp","href":"https:\/\/api.w.org\/{rel}","templated":true}]}}