{"id":2274,"date":"2024-03-28T23:26:00","date_gmt":"2024-03-28T22:26:00","guid":{"rendered":"http:\/\/aubertin.fr\/?p=2274"},"modified":"2024-03-31T15:19:50","modified_gmt":"2024-03-31T13:19:50","slug":"soiree-bearnaise-2","status":"publish","type":"post","link":"https:\/\/aubertin.fr\/index.php\/2024\/03\/28\/soiree-bearnaise-2\/","title":{"rendered":"Soir\u00e9e B\u00e9arnaise"},"content":{"rendered":"\n<p>Pour une premi\u00e8re \u00e9dition de Soir\u00e9e B\u00e9arnaise, nous pouvons dire qu&rsquo;elle a \u00e9t\u00e9 couronn\u00e9e de succ\u00e8s. Les aubertinois, leurs amis ont r\u00e9pondu pr\u00e9sents. Les jeunes du comit\u00e9 des f\u00eates ont su nous r\u00e9galer avec une garbure faite maison ! Merci \u00e0 vous tous pour cette belle soir\u00e9e \u00e0 laquelle le groupe los Esbarrits et le conteur ont su apporter&nbsp; la touche festive.\u00a0\u00bb<\/p>\n\n\n\n<div class=\"alignnormal\"><div id=\"metaslider-id-2277\" style=\"width: 100%;\" class=\"ml-slider-3-106-0 metaslider metaslider-flex metaslider-2277 ml-slider has-dots-nav ms-theme-default\" role=\"region\" aria-label=\"Soir\u00e9e B\u00e9arnaise 2024\" data-height=\"1500\" data-width=\"2000\">\n    <div id=\"metaslider_container_2277\">\n        <div id=\"metaslider_2277\">\n            <ul class='slides'>\n                <li style=\"display: block; width: 100%;\" class=\"slide-2278 ms-image \" aria-roledescription=\"slide\" data-date=\"2024-03-28 22:29:04\" data-filename=\"09ad7d5b-df5d-4e65-9907-4d1f7de0e4e6-1537x1153.jpeg\" data-slide-type=\"image\"><img loading=\"lazy\" decoding=\"async\" src=\"https:\/\/aubertin.fr\/wp-content\/uploads\/2024\/03\/09ad7d5b-df5d-4e65-9907-4d1f7de0e4e6-1537x1153.jpeg\" height=\"1500\" width=\"2000\" alt=\"\" class=\"slider-2277 slide-2278 msDefaultImage\" title=\"09ad7d5b-df5d-4e65-9907-4d1f7de0e4e6\" \/><\/li>\n                <li style=\"display: none; width: 100%;\" class=\"slide-2279 ms-image \" aria-roledescription=\"slide\" data-date=\"2024-03-28 22:29:08\" data-filename=\"IMG_8866-1537x1153.jpeg\" data-slide-type=\"image\"><img loading=\"lazy\" decoding=\"async\" src=\"https:\/\/aubertin.fr\/wp-content\/uploads\/2024\/03\/IMG_8866-1537x1153.jpeg\" height=\"1500\" width=\"2000\" alt=\"\" class=\"slider-2277 slide-2279 msDefaultImage\" title=\"IMG_8866\" \/><\/li>\n                <li style=\"display: none; width: 100%;\" class=\"slide-2280 ms-image \" aria-roledescription=\"slide\" data-date=\"2024-03-28 22:29:14\" data-filename=\"IMG_8867-1537x1153.jpeg\" data-slide-type=\"image\"><img loading=\"lazy\" decoding=\"async\" src=\"https:\/\/aubertin.fr\/wp-content\/uploads\/2024\/03\/IMG_8867-1537x1153.jpeg\" height=\"1500\" width=\"2000\" alt=\"\" class=\"slider-2277 slide-2280 msDefaultImage\" title=\"IMG_8867\" \/><\/li>\n                <li style=\"display: none; width: 100%;\" class=\"slide-2281 ms-image \" aria-roledescription=\"slide\" data-date=\"2024-03-28 22:29:23\" data-filename=\"IMG_8869-1197x897.jpeg\" data-slide-type=\"image\"><img loading=\"lazy\" decoding=\"async\" src=\"https:\/\/aubertin.fr\/wp-content\/uploads\/2024\/03\/IMG_8869-1197x897.jpeg\" height=\"1500\" width=\"2000\" alt=\"\" class=\"slider-2277 slide-2281 msDefaultImage\" title=\"IMG_8869\" \/><\/li>\n            <\/ul>\n        <\/div>\n        \n    <\/div>\n<\/div><\/div>\n","protected":false},"excerpt":{"rendered":"<p>Pour une premi\u00e8re \u00e9dition de Soir\u00e9e B\u00e9arnaise, nous pouvons dire qu&rsquo;elle a \u00e9t\u00e9 couronn\u00e9e de succ\u00e8s. Les aubertinois, leurs amis ont r\u00e9pondu pr\u00e9sents. Les jeunes du comit\u00e9 des f\u00eates ont su nous r\u00e9galer avec une garbure faite maison ! Merci \u00e0 vous tous pour cette belle soir\u00e9e \u00e0 laquelle le groupe los Esbarrits et le &hellip; <\/p>\n<p><a class=\"more-link btn\" href=\"https:\/\/aubertin.fr\/index.php\/2024\/03\/28\/soiree-bearnaise-2\/\">Lire la suite<\/a><\/p>\n","protected":false},"author":3,"featured_media":2273,"comment_status":"closed","ping_status":"closed","sticky":false,"template":"","format":"standard","meta":{"footnotes":""},"categories":[1],"tags":[],"class_list":["post-2274","post","type-post","status-publish","format-standard","has-post-thumbnail","hentry","category-non-classe","item-wrap"],"_links":{"self":[{"href":"https:\/\/aubertin.fr\/index.php\/wp-json\/wp\/v2\/posts\/2274","targetHints":{"allow":["GET"]}}],"collection":[{"href":"https:\/\/aubertin.fr\/index.php\/wp-json\/wp\/v2\/posts"}],"about":[{"href":"https:\/\/aubertin.fr\/index.php\/wp-json\/wp\/v2\/types\/post"}],"author":[{"embeddable":true,"href":"https:\/\/aubertin.fr\/index.php\/wp-json\/wp\/v2\/users\/3"}],"replies":[{"embeddable":true,"href":"https:\/\/aubertin.fr\/index.php\/wp-json\/wp\/v2\/comments?post=2274"}],"version-history":[{"count":2,"href":"https:\/\/aubertin.fr\/index.php\/wp-json\/wp\/v2\/posts\/2274\/revisions"}],"predecessor-version":[{"id":2288,"href":"https:\/\/aubertin.fr\/index.php\/wp-json\/wp\/v2\/posts\/2274\/revisions\/2288"}],"wp:featuredmedia":[{"embeddable":true,"href":"https:\/\/aubertin.fr\/index.php\/wp-json\/wp\/v2\/media\/2273"}],"wp:attachment":[{"href":"https:\/\/aubertin.fr\/index.php\/wp-json\/wp\/v2\/media?parent=2274"}],"wp:term":[{"taxonomy":"category","embeddable":true,"href":"https:\/\/aubertin.fr\/index.php\/wp-json\/wp\/v2\/categories?post=2274"},{"taxonomy":"post_tag","embeddable":true,"href":"https:\/\/aubertin.fr\/index.php\/wp-json\/wp\/v2\/tags?post=2274"}],"curies":[{"name":"wp","href":"https:\/\/api.w.org\/{rel}","templated":true}]}}