{"id":2415,"date":"2024-05-21T22:08:42","date_gmt":"2024-05-21T20:08:42","guid":{"rendered":"http:\/\/aubertin.fr\/?p=2415"},"modified":"2024-05-21T22:08:43","modified_gmt":"2024-05-21T20:08:43","slug":"randonnee-des-palombieres-sur-la-commune-darbus-le-9-juin-2024","status":"publish","type":"post","link":"https:\/\/aubertin.fr\/index.php\/2024\/05\/21\/randonnee-des-palombieres-sur-la-commune-darbus-le-9-juin-2024\/","title":{"rendered":"Randonn\u00e9e des Palombi\u00e8res sur la commune d&rsquo;Arbus le 9 JUIN 2024"},"content":{"rendered":"\n<p>La Randonn\u00e9e des Palombi\u00e8res, organis\u00e9e par l&rsquo;Association des Parents d&rsquo;El\u00e8ves d&rsquo;Arbus (APE Arbus), revient pour sa 14\u00e8me \u00e9dition&nbsp;!<\/p>\n\n\n\n<p>Deux beaux parcours alliant plaisir de la marche et des yeux vous seront&nbsp;propos\u00e9s.<\/p>\n\n\n\n<p>Dans une ambiance conviviale autour d&rsquo;un petit d\u00e9jeuner offert avant le d\u00e9part et de deux ravitaillements gourmands qui viendront r\u00e9compenser vos efforts.&nbsp;<\/p>\n\n\n\n<p>Une buvette et une restauration seront ouvertes le midi.<\/p>\n\n\n\n<p>D\u00e9part&nbsp;: Maison pour Tous d&rsquo;Arbus&nbsp;de 8h30 \u00e0 9h30.<\/p>\n\n\n\n<p>Deux circuits au choix :<\/p>\n\n\n\n<p>\u00b7&nbsp;&nbsp;&nbsp;&nbsp;&nbsp;&nbsp;&nbsp;&nbsp;&nbsp;Petit parcours : distance 8 km&nbsp;<\/p>\n\n\n\n<p>\u00b7&nbsp;&nbsp;&nbsp;&nbsp;&nbsp;&nbsp;&nbsp;&nbsp;&nbsp;Grand parcours : distance 13 km&nbsp;<\/p>\n\n\n\n<p>Inscription&nbsp;et&nbsp;r\u00e8glement&nbsp;sur place.<\/p>\n\n\n\n<p>Pour plus de renseignements, contactez :&nbsp;<a href=\"mailto:ape.arbus@gmail.com\" target=\"_blank\" rel=\"noreferrer noopener\">ape.arbus@gmail.com<\/a><\/p>\n\n\n\n<figure class=\"wp-block-image size-large\"><img loading=\"lazy\" decoding=\"async\" width=\"709\" height=\"1024\" src=\"http:\/\/aubertin.fr\/wp-content\/uploads\/2024\/05\/Rando-2024-709x1024.png\" alt=\"\" class=\"wp-image-2416\" srcset=\"https:\/\/aubertin.fr\/wp-content\/uploads\/2024\/05\/Rando-2024-709x1024.png 709w, https:\/\/aubertin.fr\/wp-content\/uploads\/2024\/05\/Rando-2024-208x300.png 208w, https:\/\/aubertin.fr\/wp-content\/uploads\/2024\/05\/Rando-2024-768x1110.png 768w, https:\/\/aubertin.fr\/wp-content\/uploads\/2024\/05\/Rando-2024-1063x1536.png 1063w, https:\/\/aubertin.fr\/wp-content\/uploads\/2024\/05\/Rando-2024-555x802.png 555w, https:\/\/aubertin.fr\/wp-content\/uploads\/2024\/05\/Rando-2024.png 1117w\" sizes=\"auto, (max-width: 709px) 100vw, 709px\" \/><\/figure>\n","protected":false},"excerpt":{"rendered":"<p>La Randonn\u00e9e des Palombi\u00e8res, organis\u00e9e par l&rsquo;Association des Parents d&rsquo;El\u00e8ves d&rsquo;Arbus (APE Arbus), revient pour sa 14\u00e8me \u00e9dition&nbsp;! Deux beaux parcours alliant plaisir de la marche et des yeux vous seront&nbsp;propos\u00e9s. Dans une ambiance conviviale autour d&rsquo;un petit d\u00e9jeuner offert avant le d\u00e9part et de deux ravitaillements gourmands qui viendront r\u00e9compenser vos efforts.&nbsp; Une buvette &hellip; <\/p>\n<p><a class=\"more-link btn\" href=\"https:\/\/aubertin.fr\/index.php\/2024\/05\/21\/randonnee-des-palombieres-sur-la-commune-darbus-le-9-juin-2024\/\">Lire la suite<\/a><\/p>\n","protected":false},"author":3,"featured_media":2416,"comment_status":"closed","ping_status":"closed","sticky":false,"template":"","format":"standard","meta":{"footnotes":""},"categories":[1],"tags":[],"class_list":["post-2415","post","type-post","status-publish","format-standard","has-post-thumbnail","hentry","category-non-classe","item-wrap"],"_links":{"self":[{"href":"https:\/\/aubertin.fr\/index.php\/wp-json\/wp\/v2\/posts\/2415","targetHints":{"allow":["GET"]}}],"collection":[{"href":"https:\/\/aubertin.fr\/index.php\/wp-json\/wp\/v2\/posts"}],"about":[{"href":"https:\/\/aubertin.fr\/index.php\/wp-json\/wp\/v2\/types\/post"}],"author":[{"embeddable":true,"href":"https:\/\/aubertin.fr\/index.php\/wp-json\/wp\/v2\/users\/3"}],"replies":[{"embeddable":true,"href":"https:\/\/aubertin.fr\/index.php\/wp-json\/wp\/v2\/comments?post=2415"}],"version-history":[{"count":1,"href":"https:\/\/aubertin.fr\/index.php\/wp-json\/wp\/v2\/posts\/2415\/revisions"}],"predecessor-version":[{"id":2417,"href":"https:\/\/aubertin.fr\/index.php\/wp-json\/wp\/v2\/posts\/2415\/revisions\/2417"}],"wp:featuredmedia":[{"embeddable":true,"href":"https:\/\/aubertin.fr\/index.php\/wp-json\/wp\/v2\/media\/2416"}],"wp:attachment":[{"href":"https:\/\/aubertin.fr\/index.php\/wp-json\/wp\/v2\/media?parent=2415"}],"wp:term":[{"taxonomy":"category","embeddable":true,"href":"https:\/\/aubertin.fr\/index.php\/wp-json\/wp\/v2\/categories?post=2415"},{"taxonomy":"post_tag","embeddable":true,"href":"https:\/\/aubertin.fr\/index.php\/wp-json\/wp\/v2\/tags?post=2415"}],"curies":[{"name":"wp","href":"https:\/\/api.w.org\/{rel}","templated":true}]}}