{"id":2655,"date":"2024-08-02T08:36:23","date_gmt":"2024-08-02T06:36:23","guid":{"rendered":"https:\/\/aubertin.fr\/?p=2655"},"modified":"2024-08-02T08:36:25","modified_gmt":"2024-08-02T06:36:25","slug":"la-mairie-daubertin-sera-fermee-du-2","status":"publish","type":"post","link":"https:\/\/aubertin.fr\/index.php\/2024\/08\/02\/la-mairie-daubertin-sera-fermee-du-2\/","title":{"rendered":"La mairie d\u2019AUBERTIN sera ferm\u00e9e du\u00a0"},"content":{"rendered":"\n<p><strong>lundi 5 ao\u00fbt 2024 au vendredi 16 ao\u00fbt 2024&nbsp;inclus<\/strong><\/p>\n\n\n\n<p><strong>R\u00e9ouverture&nbsp;le lundi 19 ao\u00fbt 2024.<\/strong><\/p>\n\n\n\n<p><strong><u>N\u00b0 \u00e0 joindre en cas d\u2019urgence<\/u><\/strong><strong>&nbsp;:<\/strong><\/p>\n\n\n\n<p><strong>Martine RODRIGUEZ, Maire&nbsp;:<\/strong>06.22.36.11.26<\/p>\n\n\n\n<p><strong>Sandrine BERSANS, 1<sup>\u00e8re<\/sup>adjointe&nbsp;:&nbsp;<\/strong>07.67.26.96.75<\/p>\n\n\n\n<p><strong>Sandrine HOURS, 2<sup>\u00e8me<\/sup>adjointe&nbsp;:&nbsp;<\/strong>06.16.13.80.04<\/p>\n\n\n\n<p><strong>J\u00e9r\u00f4me SANCHEZ, 3<sup>\u00e8me<\/sup>&nbsp;adjoint&nbsp;:&nbsp;<\/strong>06.22.94.76.05<\/p>\n","protected":false},"excerpt":{"rendered":"<p>lundi 5 ao\u00fbt 2024 au vendredi 16 ao\u00fbt 2024&nbsp;inclus R\u00e9ouverture&nbsp;le lundi 19 ao\u00fbt 2024. N\u00b0 \u00e0 joindre en cas d\u2019urgence&nbsp;: Martine RODRIGUEZ, Maire&nbsp;:06.22.36.11.26 Sandrine BERSANS, 1\u00e8readjointe&nbsp;:&nbsp;07.67.26.96.75 Sandrine HOURS, 2\u00e8meadjointe&nbsp;:&nbsp;06.16.13.80.04 J\u00e9r\u00f4me SANCHEZ, 3\u00e8me&nbsp;adjoint&nbsp;:&nbsp;06.22.94.76.05<\/p>\n","protected":false},"author":3,"featured_media":796,"comment_status":"closed","ping_status":"closed","sticky":false,"template":"","format":"standard","meta":{"footnotes":""},"categories":[1],"tags":[],"class_list":["post-2655","post","type-post","status-publish","format-standard","has-post-thumbnail","hentry","category-non-classe","item-wrap"],"_links":{"self":[{"href":"https:\/\/aubertin.fr\/index.php\/wp-json\/wp\/v2\/posts\/2655","targetHints":{"allow":["GET"]}}],"collection":[{"href":"https:\/\/aubertin.fr\/index.php\/wp-json\/wp\/v2\/posts"}],"about":[{"href":"https:\/\/aubertin.fr\/index.php\/wp-json\/wp\/v2\/types\/post"}],"author":[{"embeddable":true,"href":"https:\/\/aubertin.fr\/index.php\/wp-json\/wp\/v2\/users\/3"}],"replies":[{"embeddable":true,"href":"https:\/\/aubertin.fr\/index.php\/wp-json\/wp\/v2\/comments?post=2655"}],"version-history":[{"count":1,"href":"https:\/\/aubertin.fr\/index.php\/wp-json\/wp\/v2\/posts\/2655\/revisions"}],"predecessor-version":[{"id":2656,"href":"https:\/\/aubertin.fr\/index.php\/wp-json\/wp\/v2\/posts\/2655\/revisions\/2656"}],"wp:featuredmedia":[{"embeddable":true,"href":"https:\/\/aubertin.fr\/index.php\/wp-json\/wp\/v2\/media\/796"}],"wp:attachment":[{"href":"https:\/\/aubertin.fr\/index.php\/wp-json\/wp\/v2\/media?parent=2655"}],"wp:term":[{"taxonomy":"category","embeddable":true,"href":"https:\/\/aubertin.fr\/index.php\/wp-json\/wp\/v2\/categories?post=2655"},{"taxonomy":"post_tag","embeddable":true,"href":"https:\/\/aubertin.fr\/index.php\/wp-json\/wp\/v2\/tags?post=2655"}],"curies":[{"name":"wp","href":"https:\/\/api.w.org\/{rel}","templated":true}]}}