{"id":2826,"date":"2024-09-24T17:02:16","date_gmt":"2024-09-24T15:02:16","guid":{"rendered":"https:\/\/aubertin.fr\/?p=2826"},"modified":"2024-09-24T17:02:17","modified_gmt":"2024-09-24T15:02:17","slug":"planning-vehicule-accueil-en-mobilite-vam-gendarmerie-octobre-2024","status":"publish","type":"post","link":"https:\/\/aubertin.fr\/index.php\/2024\/09\/24\/planning-vehicule-accueil-en-mobilite-vam-gendarmerie-octobre-2024\/","title":{"rendered":"PLANNING V\u00e9hicule Accueil en Mobilit\u00e9 ( VAM ) GENDARMERIE octobre 2024"},"content":{"rendered":"\n<blockquote class=\"wp-block-quote is-layout-flow wp-block-quote-is-layout-flow\">\n<blockquote class=\"wp-block-quote is-layout-flow wp-block-quote-is-layout-flow\">\n<blockquote class=\"wp-block-quote is-layout-flow wp-block-quote-is-layout-flow\">\n<p>Nous vous informons que la&nbsp;<strong>Brigade territoriale mobile des gaves et coteaux<\/strong>&nbsp;assurera un&nbsp;<strong>accueil du public<\/strong>&nbsp;sur la commune de&nbsp;<strong>LASSEUBE<\/strong>, \u00c0 PROXIMIT\u00c9 DE LA HALLE, lors du march\u00e9 local, \u00e0 compter de&nbsp;<strong>16 H et ce jusqu&rsquo;\u00e0 19 H&nbsp;<\/strong>pour vous&nbsp;<strong>renseigner et recueillir vos plaintes&nbsp;<u>AUX DATES SUIVANTES :<\/u><\/strong><\/p>\n<\/blockquote>\n<\/blockquote>\n<\/blockquote>\n\n\n\n<p>&nbsp;&nbsp;&nbsp;<strong>&nbsp;&#8211; JEUDI 03 OCTOBRE 2024<\/strong><strong><\/strong><\/p>\n\n\n\n<p><strong>&nbsp;&nbsp;&nbsp; &#8211; JEUDI 17 OCTOBRE 2024<\/strong><\/p>\n\n\n\n<p><strong>&nbsp;&nbsp;&nbsp; &#8211; JEUDI 24 OCTOBRE 2024<\/strong><\/p>\n\n\n\n<figure class=\"wp-block-image size-full\"><img loading=\"lazy\" decoding=\"async\" width=\"294\" height=\"202\" src=\"http:\/\/aubertin.fr\/wp-content\/uploads\/2024\/09\/hbbikdncbkockjcl-1.png\" alt=\"\" class=\"wp-image-2817\"\/><\/figure>\n","protected":false},"excerpt":{"rendered":"<p>Nous vous informons que la&nbsp;Brigade territoriale mobile des gaves et coteaux&nbsp;assurera un&nbsp;accueil du public&nbsp;sur la commune de&nbsp;LASSEUBE, \u00c0 PROXIMIT\u00c9 DE LA HALLE, lors du march\u00e9 local, \u00e0 compter de&nbsp;16 H et ce jusqu&rsquo;\u00e0 19 H&nbsp;pour vous&nbsp;renseigner et recueillir vos plaintes&nbsp;AUX DATES SUIVANTES : &nbsp;&nbsp;&nbsp;&nbsp;&#8211; JEUDI 03 OCTOBRE 2024 &nbsp;&nbsp;&nbsp; &#8211; JEUDI 17 OCTOBRE 2024 &nbsp;&nbsp;&nbsp; &hellip; <\/p>\n<p><a class=\"more-link btn\" href=\"https:\/\/aubertin.fr\/index.php\/2024\/09\/24\/planning-vehicule-accueil-en-mobilite-vam-gendarmerie-octobre-2024\/\">Lire la suite<\/a><\/p>\n","protected":false},"author":3,"featured_media":2817,"comment_status":"closed","ping_status":"closed","sticky":false,"template":"","format":"standard","meta":{"footnotes":""},"categories":[1],"tags":[],"class_list":["post-2826","post","type-post","status-publish","format-standard","has-post-thumbnail","hentry","category-non-classe","item-wrap"],"_links":{"self":[{"href":"https:\/\/aubertin.fr\/index.php\/wp-json\/wp\/v2\/posts\/2826","targetHints":{"allow":["GET"]}}],"collection":[{"href":"https:\/\/aubertin.fr\/index.php\/wp-json\/wp\/v2\/posts"}],"about":[{"href":"https:\/\/aubertin.fr\/index.php\/wp-json\/wp\/v2\/types\/post"}],"author":[{"embeddable":true,"href":"https:\/\/aubertin.fr\/index.php\/wp-json\/wp\/v2\/users\/3"}],"replies":[{"embeddable":true,"href":"https:\/\/aubertin.fr\/index.php\/wp-json\/wp\/v2\/comments?post=2826"}],"version-history":[{"count":1,"href":"https:\/\/aubertin.fr\/index.php\/wp-json\/wp\/v2\/posts\/2826\/revisions"}],"predecessor-version":[{"id":2827,"href":"https:\/\/aubertin.fr\/index.php\/wp-json\/wp\/v2\/posts\/2826\/revisions\/2827"}],"wp:featuredmedia":[{"embeddable":true,"href":"https:\/\/aubertin.fr\/index.php\/wp-json\/wp\/v2\/media\/2817"}],"wp:attachment":[{"href":"https:\/\/aubertin.fr\/index.php\/wp-json\/wp\/v2\/media?parent=2826"}],"wp:term":[{"taxonomy":"category","embeddable":true,"href":"https:\/\/aubertin.fr\/index.php\/wp-json\/wp\/v2\/categories?post=2826"},{"taxonomy":"post_tag","embeddable":true,"href":"https:\/\/aubertin.fr\/index.php\/wp-json\/wp\/v2\/tags?post=2826"}],"curies":[{"name":"wp","href":"https:\/\/api.w.org\/{rel}","templated":true}]}}