{"id":3123,"date":"2024-12-05T06:45:54","date_gmt":"2024-12-05T05:45:54","guid":{"rendered":"http:\/\/aubertin.fr\/?p=3123"},"modified":"2024-12-07T10:03:07","modified_gmt":"2024-12-07T09:03:07","slug":"resultat-provisoire-telethon-2","status":"publish","type":"post","link":"https:\/\/aubertin.fr\/index.php\/2024\/12\/05\/resultat-provisoire-telethon-2\/","title":{"rendered":"R\u00e9sultat provisoire T\u00e9l\u00e9thon"},"content":{"rendered":"\n<p><strong>Le T\u00e9l\u00e9thon vient de se terminer&nbsp;et la somme de&nbsp;2260 \u20ac a&nbsp;\u00e9t\u00e9 collect\u00e9&nbsp;gr\u00e2ce \u00e0&nbsp;la participation de nombreux donateurs d\u2019Aubertin et des communes environnantes.&nbsp;<\/strong><\/p>\n\n\n\n<p><strong>Ce r\u00e9sultat est provisoire&nbsp;car&nbsp;vous avez encore&nbsp;jusqu\u2019au 24 d\u00e9cembre&nbsp;pour d\u00e9poser vos dons au secr\u00e9tariat de la mairie.<\/strong><\/p>\n\n\n\n<p><strong>Un merci particulier \u00e0 tous les b\u00e9n\u00e9voles qui ontaid\u00e9&nbsp;\u00e0 l\u2019organisation&nbsp;et \u00e0 la pr\u00e9paration de la&nbsp;garbure durant ces 2 journ\u00e9es.<\/strong><\/p>\n\n\n\n<p><strong>Merci aux diff\u00e9rents marcheurs du&nbsp;week-end.<\/strong><\/p>\n\n\n\n<p><strong>Merci \u00e0 la commune d\u2019Aubertin pour la prise en charge des frais de la garbure, \u00e0\u00a0Madame etMonsieur BASCOURRET du domaine Reyau pour le don du vin blanc et\u00a0\u00e0\u00a0Marcel COUTOU pour le\u00a0\u00a0vin rouge et le ros\u00e9.<\/strong> <strong>Merci aux b\u00e9n\u00e9voles pour leur confection de p\u00e2tisseries<\/strong>.<\/p>\n\n\n\n<p><strong>Et pour finir merci \u00e0 toutes et tous pour vos dons.<\/strong><\/p>\n\n\n\n<p><strong>Passez<\/strong><strong>&nbsp;de bonnes f\u00eates de fin d\u2019ann\u00e9e et rendez-vous en d\u00e9cembre&nbsp;<\/strong><strong>2025.<\/strong><\/p>\n\n\n\n<p><\/p>\n\n\n\n<p><br><\/p>\n\n\n\n<p><\/p>\n\n\n\n<figure class=\"wp-block-image size-large\"><img loading=\"lazy\" decoding=\"async\" width=\"1024\" height=\"768\" src=\"http:\/\/aubertin.fr\/wp-content\/uploads\/2024\/12\/IMG_0419-1024x768.jpeg\" alt=\"\" class=\"wp-image-3121\" srcset=\"https:\/\/aubertin.fr\/wp-content\/uploads\/2024\/12\/IMG_0419-1024x768.jpeg 1024w, https:\/\/aubertin.fr\/wp-content\/uploads\/2024\/12\/IMG_0419-300x225.jpeg 300w, https:\/\/aubertin.fr\/wp-content\/uploads\/2024\/12\/IMG_0419-768x576.jpeg 768w, https:\/\/aubertin.fr\/wp-content\/uploads\/2024\/12\/IMG_0419-1536x1152.jpeg 1536w, https:\/\/aubertin.fr\/wp-content\/uploads\/2024\/12\/IMG_0419-2048x1536.jpeg 2048w, https:\/\/aubertin.fr\/wp-content\/uploads\/2024\/12\/IMG_0419-555x416.jpeg 555w\" sizes=\"auto, (max-width: 1024px) 100vw, 1024px\" \/><\/figure>\n\n\n<div class=\"alignnormal\" style=\"text-align: left;\">\u00a0<\/div>","protected":false},"excerpt":{"rendered":"<p>Le T\u00e9l\u00e9thon vient de se terminer&nbsp;et la somme de&nbsp;2260 \u20ac a&nbsp;\u00e9t\u00e9 collect\u00e9&nbsp;gr\u00e2ce \u00e0&nbsp;la participation de nombreux donateurs d\u2019Aubertin et des communes environnantes.&nbsp; Ce r\u00e9sultat est provisoire&nbsp;car&nbsp;vous avez encore&nbsp;jusqu\u2019au 24 d\u00e9cembre&nbsp;pour d\u00e9poser vos dons au secr\u00e9tariat de la mairie. Un merci particulier \u00e0 tous les b\u00e9n\u00e9voles qui ontaid\u00e9&nbsp;\u00e0 l\u2019organisation&nbsp;et \u00e0 la pr\u00e9paration de la&nbsp;garbure durant ces &hellip; <\/p>\n<p><a class=\"more-link btn\" href=\"https:\/\/aubertin.fr\/index.php\/2024\/12\/05\/resultat-provisoire-telethon-2\/\">Lire la suite<\/a><\/p>\n","protected":false},"author":3,"featured_media":3121,"comment_status":"closed","ping_status":"closed","sticky":false,"template":"","format":"standard","meta":{"footnotes":""},"categories":[1],"tags":[],"class_list":["post-3123","post","type-post","status-publish","format-standard","has-post-thumbnail","hentry","category-non-classe","item-wrap"],"_links":{"self":[{"href":"https:\/\/aubertin.fr\/index.php\/wp-json\/wp\/v2\/posts\/3123","targetHints":{"allow":["GET"]}}],"collection":[{"href":"https:\/\/aubertin.fr\/index.php\/wp-json\/wp\/v2\/posts"}],"about":[{"href":"https:\/\/aubertin.fr\/index.php\/wp-json\/wp\/v2\/types\/post"}],"author":[{"embeddable":true,"href":"https:\/\/aubertin.fr\/index.php\/wp-json\/wp\/v2\/users\/3"}],"replies":[{"embeddable":true,"href":"https:\/\/aubertin.fr\/index.php\/wp-json\/wp\/v2\/comments?post=3123"}],"version-history":[{"count":4,"href":"https:\/\/aubertin.fr\/index.php\/wp-json\/wp\/v2\/posts\/3123\/revisions"}],"predecessor-version":[{"id":3199,"href":"https:\/\/aubertin.fr\/index.php\/wp-json\/wp\/v2\/posts\/3123\/revisions\/3199"}],"wp:featuredmedia":[{"embeddable":true,"href":"https:\/\/aubertin.fr\/index.php\/wp-json\/wp\/v2\/media\/3121"}],"wp:attachment":[{"href":"https:\/\/aubertin.fr\/index.php\/wp-json\/wp\/v2\/media?parent=3123"}],"wp:term":[{"taxonomy":"category","embeddable":true,"href":"https:\/\/aubertin.fr\/index.php\/wp-json\/wp\/v2\/categories?post=3123"},{"taxonomy":"post_tag","embeddable":true,"href":"https:\/\/aubertin.fr\/index.php\/wp-json\/wp\/v2\/tags?post=3123"}],"curies":[{"name":"wp","href":"https:\/\/api.w.org\/{rel}","templated":true}]}}