{"id":3155,"date":"2024-12-17T16:26:00","date_gmt":"2024-12-17T15:26:00","guid":{"rendered":"http:\/\/aubertin.fr\/?p=3155"},"modified":"2024-12-19T15:29:22","modified_gmt":"2024-12-19T14:29:22","slug":"3155","status":"publish","type":"post","link":"https:\/\/aubertin.fr\/index.php\/2024\/12\/17\/3155\/","title":{"rendered":"Fermeture de la mairie"},"content":{"rendered":"\n<p><strong><em>La Mairie sera\u00a0ferm\u00e9e\u00a0du\u00a0lundi 23\u00a0d\u00e9cembre 2024 au\u00a0mercredi\u00a01er janvier\u00a02025 inclus. R\u00e9ouverture\u00a0le\u00a0jeudi 2 janvier 2025.<\/em><\/strong><\/p>\n\n\n\n<p><strong><em><u>N\u00b0 \u00e0 joindre en cas d\u2019urgence&nbsp;:<\/u><\/em><\/strong><\/p>\n\n\n\n<p><strong><em>Martine RODRIGUEZ, Maire<\/em><\/strong><em>\u00a0:\u00a006 22 36 11 26<\/em><\/p>\n\n\n\n<p><strong><em>Sandrine BERSANS, 1<sup>\u00e8re<\/sup>\u00a0 adjointe<\/em><\/strong><em>\u00a0:\u00a007 67 26 96 75<\/em><\/p>\n\n\n\n<p><strong><em>Sandrine HOURS<\/em><\/strong><em>,\u00a0<\/em><strong><em>2<sup>\u00e8me<\/sup>\u00a0adjointe<\/em><\/strong><em>\u00a0:\u00a006 16 13 80 04<\/em><\/p>\n\n\n\n<p><strong><em>J\u00e9r\u00f4me SANCHEZ, 3<sup>\u00e8me<\/sup>\u00a0adjoint<\/em><\/strong><em>\u00a0:\u00a006 22 94 76 05<\/em><\/p>\n","protected":false},"excerpt":{"rendered":"<p>La Mairie sera\u00a0ferm\u00e9e\u00a0du\u00a0lundi 23\u00a0d\u00e9cembre 2024 au\u00a0mercredi\u00a01er janvier\u00a02025 inclus. R\u00e9ouverture\u00a0le\u00a0jeudi 2 janvier 2025. N\u00b0 \u00e0 joindre en cas d\u2019urgence&nbsp;: Martine RODRIGUEZ, Maire\u00a0:\u00a006 22 36 11 26 Sandrine BERSANS, 1\u00e8re\u00a0 adjointe\u00a0:\u00a007 67 26 96 75 Sandrine HOURS,\u00a02\u00e8me\u00a0adjointe\u00a0:\u00a006 16 13 80 04 J\u00e9r\u00f4me SANCHEZ, 3\u00e8me\u00a0adjoint\u00a0:\u00a006 22 94 76 05<\/p>\n","protected":false},"author":3,"featured_media":796,"comment_status":"closed","ping_status":"closed","sticky":false,"template":"","format":"standard","meta":{"footnotes":""},"categories":[1],"tags":[],"class_list":["post-3155","post","type-post","status-publish","format-standard","has-post-thumbnail","hentry","category-non-classe","item-wrap"],"_links":{"self":[{"href":"https:\/\/aubertin.fr\/index.php\/wp-json\/wp\/v2\/posts\/3155","targetHints":{"allow":["GET"]}}],"collection":[{"href":"https:\/\/aubertin.fr\/index.php\/wp-json\/wp\/v2\/posts"}],"about":[{"href":"https:\/\/aubertin.fr\/index.php\/wp-json\/wp\/v2\/types\/post"}],"author":[{"embeddable":true,"href":"https:\/\/aubertin.fr\/index.php\/wp-json\/wp\/v2\/users\/3"}],"replies":[{"embeddable":true,"href":"https:\/\/aubertin.fr\/index.php\/wp-json\/wp\/v2\/comments?post=3155"}],"version-history":[{"count":2,"href":"https:\/\/aubertin.fr\/index.php\/wp-json\/wp\/v2\/posts\/3155\/revisions"}],"predecessor-version":[{"id":3158,"href":"https:\/\/aubertin.fr\/index.php\/wp-json\/wp\/v2\/posts\/3155\/revisions\/3158"}],"wp:featuredmedia":[{"embeddable":true,"href":"https:\/\/aubertin.fr\/index.php\/wp-json\/wp\/v2\/media\/796"}],"wp:attachment":[{"href":"https:\/\/aubertin.fr\/index.php\/wp-json\/wp\/v2\/media?parent=3155"}],"wp:term":[{"taxonomy":"category","embeddable":true,"href":"https:\/\/aubertin.fr\/index.php\/wp-json\/wp\/v2\/categories?post=3155"},{"taxonomy":"post_tag","embeddable":true,"href":"https:\/\/aubertin.fr\/index.php\/wp-json\/wp\/v2\/tags?post=3155"}],"curies":[{"name":"wp","href":"https:\/\/api.w.org\/{rel}","templated":true}]}}