{"id":3240,"date":"2025-01-21T09:32:54","date_gmt":"2025-01-21T08:32:54","guid":{"rendered":"http:\/\/aubertin.fr\/?p=3240"},"modified":"2025-01-21T09:32:56","modified_gmt":"2025-01-21T08:32:56","slug":"planning-vehicule-accueil-en-mobilite-vam-gendarmerie-fevrier-2025","status":"publish","type":"post","link":"https:\/\/aubertin.fr\/index.php\/2025\/01\/21\/planning-vehicule-accueil-en-mobilite-vam-gendarmerie-fevrier-2025\/","title":{"rendered":"PLANNING V\u00e9hicule Accueil en Mobilit\u00e9 ( VAM ) GENDARMERIE F\u00c9VRIER 2025"},"content":{"rendered":"\n<blockquote class=\"wp-block-quote is-layout-flow wp-block-quote-is-layout-flow\">\n<p>Nous vous informons que la&nbsp;<strong>Brigade territoriale mobile des gaves et coteaux<\/strong>assurera un&nbsp;<strong>accueil du public<\/strong>&nbsp;sur la commune de&nbsp;<strong>LASSEUBE<\/strong>, lors du march\u00e9 local, \u00e0 compter de&nbsp;<strong>16 H&nbsp;et ce&nbsp;jusqu&rsquo;\u00e0 19 H<\/strong>pour vous&nbsp;<strong>renseigner et recueillir vos plaintes&nbsp;<u>AUX DATES SUIVANTES :<\/u><\/strong><\/p>\n\n\n\n<blockquote class=\"wp-block-quote is-layout-flow wp-block-quote-is-layout-flow\">\n<blockquote class=\"wp-block-quote is-layout-flow wp-block-quote-is-layout-flow\">\n<p><strong>&nbsp;&nbsp;&nbsp; &#8211;&nbsp;JEUDI 06 F\u00c9VRIER 2025<\/strong><\/p>\n\n\n\n<p><strong>&nbsp;&nbsp;&nbsp; &#8211;&nbsp;JEUDI 20 F\u00c9VRIER 2025<\/strong><\/p>\n\n\n\n<p>Bien cordialement<\/p>\n\n\n\n<p>La BTM des Gaves et coteaux<\/p>\n<\/blockquote>\n<\/blockquote>\n<\/blockquote>\n\n\n\n<figure class=\"wp-block-image size-full\"><img loading=\"lazy\" decoding=\"async\" width=\"294\" height=\"202\" src=\"http:\/\/aubertin.fr\/wp-content\/uploads\/2024\/12\/image.png\" alt=\"\" class=\"wp-image-3126\"\/><\/figure>\n","protected":false},"excerpt":{"rendered":"<p>Nous vous informons que la&nbsp;Brigade territoriale mobile des gaves et coteauxassurera un&nbsp;accueil du public&nbsp;sur la commune de&nbsp;LASSEUBE, lors du march\u00e9 local, \u00e0 compter de&nbsp;16 H&nbsp;et ce&nbsp;jusqu&rsquo;\u00e0 19 Hpour vous&nbsp;renseigner et recueillir vos plaintes&nbsp;AUX DATES SUIVANTES : &nbsp;&nbsp;&nbsp; &#8211;&nbsp;JEUDI 06 F\u00c9VRIER 2025 &nbsp;&nbsp;&nbsp; &#8211;&nbsp;JEUDI 20 F\u00c9VRIER 2025 Bien cordialement La BTM des Gaves et coteaux<\/p>\n","protected":false},"author":3,"featured_media":3126,"comment_status":"closed","ping_status":"closed","sticky":false,"template":"","format":"standard","meta":{"footnotes":""},"categories":[1],"tags":[],"class_list":["post-3240","post","type-post","status-publish","format-standard","has-post-thumbnail","hentry","category-non-classe","item-wrap"],"_links":{"self":[{"href":"https:\/\/aubertin.fr\/index.php\/wp-json\/wp\/v2\/posts\/3240","targetHints":{"allow":["GET"]}}],"collection":[{"href":"https:\/\/aubertin.fr\/index.php\/wp-json\/wp\/v2\/posts"}],"about":[{"href":"https:\/\/aubertin.fr\/index.php\/wp-json\/wp\/v2\/types\/post"}],"author":[{"embeddable":true,"href":"https:\/\/aubertin.fr\/index.php\/wp-json\/wp\/v2\/users\/3"}],"replies":[{"embeddable":true,"href":"https:\/\/aubertin.fr\/index.php\/wp-json\/wp\/v2\/comments?post=3240"}],"version-history":[{"count":1,"href":"https:\/\/aubertin.fr\/index.php\/wp-json\/wp\/v2\/posts\/3240\/revisions"}],"predecessor-version":[{"id":3241,"href":"https:\/\/aubertin.fr\/index.php\/wp-json\/wp\/v2\/posts\/3240\/revisions\/3241"}],"wp:featuredmedia":[{"embeddable":true,"href":"https:\/\/aubertin.fr\/index.php\/wp-json\/wp\/v2\/media\/3126"}],"wp:attachment":[{"href":"https:\/\/aubertin.fr\/index.php\/wp-json\/wp\/v2\/media?parent=3240"}],"wp:term":[{"taxonomy":"category","embeddable":true,"href":"https:\/\/aubertin.fr\/index.php\/wp-json\/wp\/v2\/categories?post=3240"},{"taxonomy":"post_tag","embeddable":true,"href":"https:\/\/aubertin.fr\/index.php\/wp-json\/wp\/v2\/tags?post=3240"}],"curies":[{"name":"wp","href":"https:\/\/api.w.org\/{rel}","templated":true}]}}