{"id":3275,"date":"2025-02-11T07:00:10","date_gmt":"2025-02-11T06:00:10","guid":{"rendered":"http:\/\/aubertin.fr\/?p=3275"},"modified":"2025-02-12T07:13:21","modified_gmt":"2025-02-12T06:13:21","slug":"nouvelles-activites-proposees-par-vibration-daujourdhui","status":"publish","type":"post","link":"https:\/\/aubertin.fr\/index.php\/2025\/02\/11\/nouvelles-activites-proposees-par-vibration-daujourdhui\/","title":{"rendered":"Nouvelles activit\u00e9s propos\u00e9es par : Vibration d\u2019aujourd\u2019hui"},"content":{"rendered":"\n<p>Lors de la r\u00e9union qui s\u2019est tenue le 7 f\u00e9vrier \u00e0 19h \u00e0 la maison pour tous, nous avons act\u00e9 l\u2019ajout des activit\u00e9s suivantes&nbsp;:<\/p>\n\n\n\n<p>&#8211;&nbsp;Atelier&nbsp;<strong>a<\/strong><strong>iguilles<\/strong>&nbsp;(en tous genres)&nbsp;le 1<sup>er<\/sup>&nbsp;et&nbsp;le&nbsp;3<sup>\u00e8me<\/sup>&nbsp;jeudi du mois&nbsp;de 14h30 \u00e0 16h30&nbsp;;Exc<a><\/a>eptionnellement le premier atelier aura lieu le jeudi 27 f\u00e9vrier.<\/p>\n\n\n\n<p>&#8211;&nbsp;Atelier&nbsp;<strong>dessin<\/strong>&nbsp;anim\u00e9 par Mme&nbsp;Josiane&nbsp;LECLAIR&nbsp;les&nbsp;lundis&nbsp;de 14h \u00e0 16h.&nbsp;Premieratelier le&nbsp;lundi&nbsp;10&nbsp;f\u00e9vrier&nbsp;puis&nbsp;tous les 15 jours.<\/p>\n\n\n\n<p>&#8211;&nbsp;Pour rappel&nbsp;la&nbsp;\u00ab&nbsp;<strong>m\u00e9ditation&nbsp;<\/strong><strong>sonore<\/strong>&nbsp;\u00bb&nbsp;se d\u00e9roule ces m\u00eames lundis de&nbsp;18h45 \u00e0 19h45.<\/p>\n\n\n\n<p><strong>VIBRATIONS D\u2019AUJOURD\u2019HUI<\/strong><strong>&nbsp;<\/strong><strong><\/strong><strong><\/strong>vous propose en outre un&nbsp;Atelier&nbsp;d\u2019<strong>\u00e9criture<\/strong><strong>&nbsp;<\/strong>&nbsp;atypique&nbsp;:&nbsp;\u00ab Prendre soin de soi par les mots&nbsp;\u00bb&nbsp;anim\u00e9 par&nbsp;Mme Val\u00e9rie de BRUYN, \u00e9crivaine publique.&nbsp;Cet atelier a pourobjectifs&nbsp;de&nbsp;procurer un soulagement \u00e9motionnel \u00e0 travers une \u00e9criture introspective&nbsp;et d\u2019aider \u00e0 cr\u00e9er un mantra ou une phrase apaisante&nbsp;utilisable&nbsp;au quotidien.&nbsp;L\u2019atelier commencera d\u00e8s qu\u2019un groupe suffisant d\u2019int\u00e9ress\u00e9s sera inscrit&nbsp;et se d\u00e9roulera&nbsp;leslundis&nbsp;apr\u00e8s-midi&nbsp;de 15h \u00e0 17h.<\/p>\n\n\n\n<p><strong>U<\/strong><strong>ne s\u00e9ance d\u00e9couverte est&nbsp;<\/strong><strong>programm\u00e9e<\/strong><strong>&nbsp;le lundi 17 f\u00e9vrier<\/strong><strong>.<\/strong><\/p>\n\n\n\n<p>Nous restons&nbsp;\u00e0 l\u2019\u00e9coute de toutes&nbsp;les suggestions que vous pouvez transmettre \u00e0&nbsp;:<\/p>\n\n\n\n<p>Maryse LOUSTALOT au&nbsp;: 06 28 25 90 13&nbsp;<strong>par SMS<\/strong><\/p>\n\n\n\n<p><\/p>\n\n\n\n<p><\/p>\n\n\n\n<p><\/p>\n\n\n\n<p><\/p>\n\n\n\n<p><\/p>\n\n\n\n<p><\/p>\n\n\n\n<p><\/p>\n\n\n\n<p><\/p>\n\n\n\n<p><\/p>\n\n\n\n<p><\/p>\n\n\n\n<p><\/p>\n\n\n\n<p><\/p>\n\n\n\n<p><\/p>\n\n\n\n<p><\/p>\n\n\n\n<p><\/p>\n","protected":false},"excerpt":{"rendered":"<p>Lors de la r\u00e9union qui s\u2019est tenue le 7 f\u00e9vrier \u00e0 19h \u00e0 la maison pour tous, nous avons act\u00e9 l\u2019ajout des activit\u00e9s suivantes&nbsp;: &#8211;&nbsp;Atelier&nbsp;aiguilles&nbsp;(en tous genres)&nbsp;le 1er&nbsp;et&nbsp;le&nbsp;3\u00e8me&nbsp;jeudi du mois&nbsp;de 14h30 \u00e0 16h30&nbsp;;Exceptionnellement le premier atelier aura lieu le jeudi 27 f\u00e9vrier. &#8211;&nbsp;Atelier&nbsp;dessin&nbsp;anim\u00e9 par Mme&nbsp;Josiane&nbsp;LECLAIR&nbsp;les&nbsp;lundis&nbsp;de 14h \u00e0 16h.&nbsp;Premieratelier le&nbsp;lundi&nbsp;10&nbsp;f\u00e9vrier&nbsp;puis&nbsp;tous les 15 jours. &#8211;&nbsp;Pour rappel&nbsp;la&nbsp;\u00ab&nbsp;m\u00e9ditation&nbsp;sonore&nbsp;\u00bb&nbsp;se d\u00e9roule &hellip; <\/p>\n<p><a class=\"more-link btn\" href=\"https:\/\/aubertin.fr\/index.php\/2025\/02\/11\/nouvelles-activites-proposees-par-vibration-daujourdhui\/\">Lire la suite<\/a><\/p>\n","protected":false},"author":3,"featured_media":0,"comment_status":"closed","ping_status":"closed","sticky":false,"template":"","format":"standard","meta":{"footnotes":""},"categories":[1],"tags":[],"class_list":["post-3275","post","type-post","status-publish","format-standard","hentry","category-non-classe","item-wrap"],"_links":{"self":[{"href":"https:\/\/aubertin.fr\/index.php\/wp-json\/wp\/v2\/posts\/3275","targetHints":{"allow":["GET"]}}],"collection":[{"href":"https:\/\/aubertin.fr\/index.php\/wp-json\/wp\/v2\/posts"}],"about":[{"href":"https:\/\/aubertin.fr\/index.php\/wp-json\/wp\/v2\/types\/post"}],"author":[{"embeddable":true,"href":"https:\/\/aubertin.fr\/index.php\/wp-json\/wp\/v2\/users\/3"}],"replies":[{"embeddable":true,"href":"https:\/\/aubertin.fr\/index.php\/wp-json\/wp\/v2\/comments?post=3275"}],"version-history":[{"count":3,"href":"https:\/\/aubertin.fr\/index.php\/wp-json\/wp\/v2\/posts\/3275\/revisions"}],"predecessor-version":[{"id":3280,"href":"https:\/\/aubertin.fr\/index.php\/wp-json\/wp\/v2\/posts\/3275\/revisions\/3280"}],"wp:attachment":[{"href":"https:\/\/aubertin.fr\/index.php\/wp-json\/wp\/v2\/media?parent=3275"}],"wp:term":[{"taxonomy":"category","embeddable":true,"href":"https:\/\/aubertin.fr\/index.php\/wp-json\/wp\/v2\/categories?post=3275"},{"taxonomy":"post_tag","embeddable":true,"href":"https:\/\/aubertin.fr\/index.php\/wp-json\/wp\/v2\/tags?post=3275"}],"curies":[{"name":"wp","href":"https:\/\/api.w.org\/{rel}","templated":true}]}}