{"id":3285,"date":"2025-02-23T07:13:53","date_gmt":"2025-02-23T06:13:53","guid":{"rendered":"http:\/\/aubertin.fr\/?p=3285"},"modified":"2025-02-23T07:13:55","modified_gmt":"2025-02-23T06:13:55","slug":"ateliers-numeriques-groupe-2","status":"publish","type":"post","link":"https:\/\/aubertin.fr\/index.php\/2025\/02\/23\/ateliers-numeriques-groupe-2\/","title":{"rendered":"Ateliers num\u00e9riques- groupe 2"},"content":{"rendered":"\n<p>Le premier groupe constitu\u00e9 de 6 administr\u00e9s a d\u00e9but\u00e9 un cycle d\u00e9butant de 6 s\u00e9ances le jeudi 6 f\u00e9vrier dernier.<\/p>\n\n\n\n<p>Ils ont particip\u00e9 \u00e0 ce jour \u00e0 trois s\u00e9ances. Il reste donc trois ateliers qui sont programm\u00e9s les&nbsp;:<\/p>\n\n\n\n<ul class=\"wp-block-list\">\n<li>Jeudi 13 mars de 14H15 \u00e0 16H15<\/li>\n\n\n\n<li>Jeudi 20 mars de 14H15 \u00e0 16H15<\/li>\n\n\n\n<li>Jeudi 27 mars de 9H30 \u00e0 11H30.\u00a0<\/li>\n<\/ul>\n\n\n\n<p><strong>Il est tout \u00e0 fait possible d\u2019organiser un autre cycle d\u00e9butant pour un deuxi\u00e8me groupe les&nbsp;:<\/strong><\/p>\n\n\n\n<ul class=\"wp-block-list\">\n<li><strong>Jeudi 13 mars de 9H30 \u00e0 11H30<\/strong><\/li>\n\n\n\n<li><strong>Jeudi 20 mars de 9H30 \u00e0 11H30<\/strong><\/li>\n\n\n\n<li><strong>Jeudi 27 mars de 14H15 \u00e0 16H15<\/strong><\/li>\n\n\n\n<li><strong>Jeudi 3 avril de 9H30 \u00e0 11H30<\/strong><\/li>\n\n\n\n<li><strong>Jeudi 10 avril de 9H30 \u00e0 11H30<\/strong><\/li>\n\n\n\n<li><strong>Jeudi 17 avril de 9h30 \u00e0 11H30\u00a0<\/strong><\/li>\n<\/ul>\n\n\n\n<p><strong>Pour rappel, le programme du cycle d\u00e9butant&nbsp;est le suivant&nbsp;:<\/strong><\/p>\n\n\n\n<ul class=\"wp-block-list\">\n<li>Prise en main du mat\u00e9riel (clavier, souris, etc.)<\/li>\n\n\n\n<li>Naviguer et chercher des informations sur internet en toute s\u00e9curit\u00e9 (se pr\u00e9munir contre le cyber malveillance)<\/li>\n\n\n\n<li>Communiquer et se divertir (cr\u00e9er et maitriser sa messagerie, installation des applications, etc)<\/li>\n\n\n\n<li>R\u00e9diger un courrier avec un traitement de texte.<\/li>\n<\/ul>\n","protected":false},"excerpt":{"rendered":"<p>Le premier groupe constitu\u00e9 de 6 administr\u00e9s a d\u00e9but\u00e9 un cycle d\u00e9butant de 6 s\u00e9ances le jeudi 6 f\u00e9vrier dernier. Ils ont particip\u00e9 \u00e0 ce jour \u00e0 trois s\u00e9ances. Il reste donc trois ateliers qui sont programm\u00e9s les&nbsp;: Jeudi 13 mars de 14H15 \u00e0 16H15 Jeudi 20 mars de 14H15 \u00e0 16H15 Jeudi 27 mars &hellip; <\/p>\n<p><a class=\"more-link btn\" href=\"https:\/\/aubertin.fr\/index.php\/2025\/02\/23\/ateliers-numeriques-groupe-2\/\">Lire la suite<\/a><\/p>\n","protected":false},"author":3,"featured_media":381,"comment_status":"closed","ping_status":"closed","sticky":false,"template":"","format":"standard","meta":{"footnotes":""},"categories":[1],"tags":[],"class_list":["post-3285","post","type-post","status-publish","format-standard","has-post-thumbnail","hentry","category-non-classe","item-wrap"],"_links":{"self":[{"href":"https:\/\/aubertin.fr\/index.php\/wp-json\/wp\/v2\/posts\/3285","targetHints":{"allow":["GET"]}}],"collection":[{"href":"https:\/\/aubertin.fr\/index.php\/wp-json\/wp\/v2\/posts"}],"about":[{"href":"https:\/\/aubertin.fr\/index.php\/wp-json\/wp\/v2\/types\/post"}],"author":[{"embeddable":true,"href":"https:\/\/aubertin.fr\/index.php\/wp-json\/wp\/v2\/users\/3"}],"replies":[{"embeddable":true,"href":"https:\/\/aubertin.fr\/index.php\/wp-json\/wp\/v2\/comments?post=3285"}],"version-history":[{"count":1,"href":"https:\/\/aubertin.fr\/index.php\/wp-json\/wp\/v2\/posts\/3285\/revisions"}],"predecessor-version":[{"id":3286,"href":"https:\/\/aubertin.fr\/index.php\/wp-json\/wp\/v2\/posts\/3285\/revisions\/3286"}],"wp:featuredmedia":[{"embeddable":true,"href":"https:\/\/aubertin.fr\/index.php\/wp-json\/wp\/v2\/media\/381"}],"wp:attachment":[{"href":"https:\/\/aubertin.fr\/index.php\/wp-json\/wp\/v2\/media?parent=3285"}],"wp:term":[{"taxonomy":"category","embeddable":true,"href":"https:\/\/aubertin.fr\/index.php\/wp-json\/wp\/v2\/categories?post=3285"},{"taxonomy":"post_tag","embeddable":true,"href":"https:\/\/aubertin.fr\/index.php\/wp-json\/wp\/v2\/tags?post=3285"}],"curies":[{"name":"wp","href":"https:\/\/api.w.org\/{rel}","templated":true}]}}