{"id":3287,"date":"2025-02-23T14:14:00","date_gmt":"2025-02-23T13:14:00","guid":{"rendered":"http:\/\/aubertin.fr\/?p=3287"},"modified":"2025-02-23T07:16:41","modified_gmt":"2025-02-23T06:16:41","slug":"planning-vehicule-accueil-en-mobilite-vam-gendarmerie-mars-2025","status":"publish","type":"post","link":"https:\/\/aubertin.fr\/index.php\/2025\/02\/23\/planning-vehicule-accueil-en-mobilite-vam-gendarmerie-mars-2025\/","title":{"rendered":"PLANNING V\u00e9hicule Accueil en Mobilit\u00e9 ( VAM ) GENDARMERIE MARS 2025"},"content":{"rendered":"\n<blockquote class=\"wp-block-quote is-layout-flow wp-block-quote-is-layout-flow\">\n<blockquote class=\"wp-block-quote is-layout-flow wp-block-quote-is-layout-flow\">\n<p>Nous vous informons que la&nbsp;<strong>Brigade territoriale mobile des gaves et coteaux<\/strong>assurera un&nbsp;<strong>accueil du public<\/strong>&nbsp;sur la commune de&nbsp;<strong>LASSEUBE<\/strong>, lors du march\u00e9 local, \u00e0 compter de&nbsp;<strong>16 H&nbsp;et ce&nbsp;jusqu&rsquo;\u00e0 19 H<\/strong>pour vous&nbsp;<strong>renseigner et recueillir vos plaintes&nbsp;<u>AUX DATES SUIVANTES :<\/u><\/strong><\/p>\n\n\n\n<blockquote class=\"wp-block-quote is-layout-flow wp-block-quote-is-layout-flow\">\n<blockquote class=\"wp-block-quote is-layout-flow wp-block-quote-is-layout-flow\">\n<p><strong>&nbsp;&nbsp;&nbsp; &#8211;&nbsp;JEUDI 06 MARS 2025<\/strong><\/p>\n\n\n\n<p><strong>&nbsp;&nbsp;&nbsp; &#8211;&nbsp;JEUDI 20 MARS 2025<\/strong><\/p>\n\n\n\n<p>Bien cordialement<\/p>\n\n\n\n<p>La BTM des Gaves et coteaux<\/p>\n\n\n\n<blockquote class=\"wp-block-quote is-layout-flow wp-block-quote-is-layout-flow\">\n<blockquote class=\"wp-block-quote is-layout-flow wp-block-quote-is-layout-flow\"><\/blockquote>\n<\/blockquote>\n<\/blockquote>\n<\/blockquote>\n<\/blockquote>\n<\/blockquote>\n","protected":false},"excerpt":{"rendered":"<p>Nous vous informons que la&nbsp;Brigade territoriale mobile des gaves et coteauxassurera un&nbsp;accueil du public&nbsp;sur la commune de&nbsp;LASSEUBE, lors du march\u00e9 local, \u00e0 compter de&nbsp;16 H&nbsp;et ce&nbsp;jusqu&rsquo;\u00e0 19 Hpour vous&nbsp;renseigner et recueillir vos plaintes&nbsp;AUX DATES SUIVANTES : &nbsp;&nbsp;&nbsp; &#8211;&nbsp;JEUDI 06 MARS 2025 &nbsp;&nbsp;&nbsp; &#8211;&nbsp;JEUDI 20 MARS 2025 Bien cordialement La BTM des Gaves et coteaux<\/p>\n","protected":false},"author":3,"featured_media":3126,"comment_status":"closed","ping_status":"closed","sticky":false,"template":"","format":"standard","meta":{"footnotes":""},"categories":[1],"tags":[],"class_list":["post-3287","post","type-post","status-publish","format-standard","has-post-thumbnail","hentry","category-non-classe","item-wrap"],"_links":{"self":[{"href":"https:\/\/aubertin.fr\/index.php\/wp-json\/wp\/v2\/posts\/3287","targetHints":{"allow":["GET"]}}],"collection":[{"href":"https:\/\/aubertin.fr\/index.php\/wp-json\/wp\/v2\/posts"}],"about":[{"href":"https:\/\/aubertin.fr\/index.php\/wp-json\/wp\/v2\/types\/post"}],"author":[{"embeddable":true,"href":"https:\/\/aubertin.fr\/index.php\/wp-json\/wp\/v2\/users\/3"}],"replies":[{"embeddable":true,"href":"https:\/\/aubertin.fr\/index.php\/wp-json\/wp\/v2\/comments?post=3287"}],"version-history":[{"count":1,"href":"https:\/\/aubertin.fr\/index.php\/wp-json\/wp\/v2\/posts\/3287\/revisions"}],"predecessor-version":[{"id":3288,"href":"https:\/\/aubertin.fr\/index.php\/wp-json\/wp\/v2\/posts\/3287\/revisions\/3288"}],"wp:featuredmedia":[{"embeddable":true,"href":"https:\/\/aubertin.fr\/index.php\/wp-json\/wp\/v2\/media\/3126"}],"wp:attachment":[{"href":"https:\/\/aubertin.fr\/index.php\/wp-json\/wp\/v2\/media?parent=3287"}],"wp:term":[{"taxonomy":"category","embeddable":true,"href":"https:\/\/aubertin.fr\/index.php\/wp-json\/wp\/v2\/categories?post=3287"},{"taxonomy":"post_tag","embeddable":true,"href":"https:\/\/aubertin.fr\/index.php\/wp-json\/wp\/v2\/tags?post=3287"}],"curies":[{"name":"wp","href":"https:\/\/api.w.org\/{rel}","templated":true}]}}