{"id":3309,"date":"2025-03-20T18:52:00","date_gmt":"2025-03-20T17:52:00","guid":{"rendered":"http:\/\/aubertin.fr\/?p=3309"},"modified":"2025-03-20T06:53:29","modified_gmt":"2025-03-20T05:53:29","slug":"lile-aux-enfants-2","status":"publish","type":"post","link":"https:\/\/aubertin.fr\/index.php\/2025\/03\/20\/lile-aux-enfants-2\/","title":{"rendered":"L\u2019\u00eele aux enfants."},"content":{"rendered":"\n<p><strong>SIVOM l\u2019\u00eele aux enfants mercredis et vacances&nbsp;<\/strong>&#8212;&#8212;&#8212;&#8212;&#8212;&#8212;&#8212;&#8212;&#8212;&#8212;&#8212;&#8212;&#8212;&#8212;&#8212;&#8212;&#8212;&#8212;&#8212;&#8212;&#8212;&#8212;&#8212;&#8211;<\/p>\n\n\n\n<p>L\u2019accueil de loisirs \u00ab&nbsp;l\u2019\u00eele aux enfants&nbsp;\u00bb accueil vos enfants de 3 \u00e0 15 ans tous les mercredis&nbsp;et les vacances&nbsp;de 7h30 \u00e0 18h30 \u00e0 l\u2019exception des jours f\u00e9ri\u00e9s.<\/p>\n\n\n\n<p>Avant toute pr\u00e9sence nous demandons aux familles de compl\u00e9ter un dossier d\u2019inscription (disponible sur notre site internet ou au centre de loisirs) et de le remettre \u00e0 la direction le plus t\u00f4t possible.<\/p>\n\n\n\n<p>La gestion des r\u00e9servations et annulations se fait via notre \u00ab&nbsp;Portail Famille&nbsp;\u00bb ou par mail, dans le respect des d\u00e9lais (voir r\u00e8glement int\u00e9rieur).<\/p>\n\n\n\n<p>Le projet p\u00e9dagogique et les programmes d\u2019animations sont disponibles sur notre site.<\/p>\n\n\n\n<p>L\u2019\u00e9quipe d\u2019animation y propose des activit\u00e9s et des projets adapt\u00e9s aux diff\u00e9rents groupes d\u2019\u00e2ge.&nbsp;<\/p>\n\n\n\n<p><strong>Accueil de Loisirs Sans h\u00e9bergement (ALSH<\/strong><strong>&nbsp;vacances<\/strong><strong>)<\/strong>&nbsp;&#8212;&#8212;&#8212;&#8212;&#8212;&#8212;&#8212;&#8212;&#8212;&#8212;&#8212;&#8212;&#8212;&#8212;&#8212;&#8212;&#8212;&#8212;&#8212;&#8212;&#8212;<\/p>\n\n\n\n<p>Le centre de loisirs intercommunal et son \u00e9quipe d\u2019animation a pr\u00e9vu pour cette ann\u00e9e 2025 un programme original et vari\u00e9&nbsp;pour les vacances.<\/p>\n\n\n\n<p>Au programme&nbsp;: activit\u00e9s manuelles, ateliers artistiques, initiations sportives, d\u00e9couvertes culturelles, projets solidaires, exp\u00e9riences scientifiques et une multitude de jeux.&nbsp;<\/p>\n\n\n\n<p>Les enfants ont pu durant les vacances d\u2019hiver&nbsp;red\u00e9couvrir&nbsp;\u00ab&nbsp;La montagne&nbsp;\u00bb.<\/p>\n\n\n\n<p>Ils ont d\u00e9couvert durant ces vacances la faune et la flore de nos montagnes, se sont initi\u00e9&nbsp;\u00e0 la fabrication de fromage, visit\u00e9&nbsp;les grottes de&nbsp;B\u00e9tharam&nbsp;et organis\u00e9&nbsp;une grande exposition pour partager tout&nbsp;ce&nbsp;qu\u2019ils avaient&nbsp;appris.&nbsp;<\/p>\n\n\n\n<p>En ce qui concerne les vacances de printemps, le centre de loisirs ouvrira ses portes du 21&nbsp;avril au&nbsp;4 mai prochains. Le th\u00e8me des vacances sera \u00ab&nbsp;Le&nbsp;Japon \u00bb.&nbsp;<\/p>\n\n\n\n<p>Au programme, la d\u00e9couverte de la culture, de l\u2019histoire et du mode de vie japonais. Ces vacances se cl\u00f4tureront&nbsp;par une journ\u00e9e \u00ab&nbsp;Japan expo&nbsp;\u00bb au centre de loisirs.<\/p>\n\n\n\n<p>Pour les vacances scolaires de cet \u00e9t\u00e9, l\u2019ALSH sera ouvert du 7 juillet au 31 ao\u00fbt avec une p\u00e9riode de fermeture du 4 au 17 ao\u00fbt.&nbsp;<\/p>\n\n\n\n<p>L\u2019\u00e9quipe de direction s\u2019att\u00e8le d\u00e9j\u00e0 \u00e0 la pr\u00e9paration des sorties, des s\u00e9jours courts ainsi que de l\u2019espace jeunes.&nbsp;<\/p>\n\n\n\n<p>Au mois de juillet le th\u00e8me sera \u00ab&nbsp;Les \u00eeles du pacifique&nbsp;\u00bb et au mois d\u2019ao\u00fbt sera&nbsp;\u00ab&nbsp;L\u2019\u00e9cole buissonni\u00e8re&nbsp;\u00bb.&nbsp;<\/p>\n\n\n\n<p>Les programmes des animations seront en pr\u00e9paration avec l\u2019\u00e9quipe d\u2019animation d\u00e9but juin et vous pourrez les retrouver sur notre site internet par la suite.<\/p>\n\n\n\n<p>Les inscriptions pour cet \u00e9t\u00e9 ouvriront apr\u00e8s les vacances de printemps.&nbsp;Attention, les places \u00e9tant limit\u00e9es, pensez \u00e0 vous inscrire le plus t\u00f4t possible.<\/p>\n\n\n\n<p><strong>Accueil de Loisirs Associ\u00e9 aux \u00c9coles d<\/strong><strong>es<\/strong><strong>&nbsp;<\/strong><strong>m<\/strong><strong>ercredis<\/strong>&nbsp;&#8212;&#8212;&#8212;&#8212;&#8212;&#8212;&#8212;&#8212;&#8212;&#8212;&#8212;&#8212;&#8212;&#8212;&#8212;&#8212;&#8212;&#8212;&#8212;&#8212;&#8212;&#8212;<\/p>\n\n\n\n<p>Les mercredis de l\u2019ann\u00e9e seront&nbsp;rythm\u00e9s&nbsp;par de nombreux temps forts&nbsp;: Des journ\u00e9es \u00ab&nbsp;sp\u00e9ciales&nbsp;\u00bb (Droit de l\u2019enfant, No\u00ebl, carnaval \u2026), des journ\u00e9es \u00ab&nbsp;gourmandes&nbsp;\u00bb (chandeleur, journ\u00e9e de la galette, \u2026) et la participation \u00e0 des \u00e9v\u00e9nements locaux (course d\u2019ORNI, plantation d\u2019arbres \u2026).<\/p>\n\n\n\n<p>Le projet p\u00e9dagogique et les programmes d\u2019animations sont disponibles sur notre site internet.<\/p>\n\n\n\n<p>La demande de r\u00e9servation sur les mercredis est actuellement tr\u00e8s forte et une liste d\u2019attente a \u00e9t\u00e9 mise en place afin de permettre \u00e0 un maximum de famille de pouvoir b\u00e9n\u00e9ficier de ce mode de garde. Nous demandons aux familles d\u2019anticiper un maximum les inscriptions et nous pr\u00e9venir rapidement en cas d\u2019absences.<\/p>\n\n\n\n<p><strong>Accueil de loisir<\/strong><strong>s<\/strong><strong>&nbsp;Associ\u00e9 \u00e0 l\u2019\u00c9cole&nbsp;<\/strong><strong>d\u2019Arbus&nbsp;<\/strong><strong>(ALA\u00c9)<\/strong>&nbsp;&#8212;&#8212;&#8212;&#8212;&#8212;&#8212;&#8212;&#8212;&#8212;&#8212;&#8212;&#8212;&#8212;&#8212;&#8212;&#8212;&#8212;&#8212;&#8212;&#8212;&#8212;&#8212;&#8212;&#8212;&#8212;&#8212;&#8211;<\/p>\n\n\n\n<p>L\u2019accueil de Loisirs Associ\u00e9 \u00e0 l\u2019\u00c9cole (ALA\u00c9) \u00ab&nbsp;SIVOM l\u2019\u00eele aux enfants&nbsp;\u00bb d\u2019Arbus accueille les enfants de 16h15 \u00e0 18h30 apr\u00e8s l\u2019\u00e9cole.&nbsp;<\/p>\n\n\n\n<p>L\u2019\u00e9quipe d\u2019animation&nbsp;a&nbsp;r\u00e9fl\u00e9chi \u00e0 des projets vari\u00e9s qui ont pour objectif d\u2019accompagner au mieux les enfants dans leur d\u00e9veloppement personnel et dans la d\u00e9couverte de leur environnement&nbsp;:<\/p>\n\n\n\n<p>Sophrologie, philosophie, aquarelle, multisports, bande dessin\u00e9e, projets inter-ALA\u00c9,&nbsp;Photographie, un club de \u00ab&nbsp;petits zoologistes&nbsp;\u00bb,&nbsp;etc&nbsp;\u2026<\/p>\n\n\n\n<p>Un \u00ab&nbsp;Foyer des CM&nbsp;\u00bb a \u00e9t\u00e9 mis en place depuis septembre. C\u2019est un espace adapt\u00e9 ou les grands de l\u2019\u00e9coles peuvent se retrouver, participer \u00e0 des ateliers sp\u00e9cifiques et monter des projets d\u2019enfants.&nbsp;<\/p>\n\n\n\n<p>Sur la p\u00e9riode de no\u00ebl, les enfants et les animateurs se sont activ\u00e9s&nbsp;pour&nbsp;cr\u00e9er&nbsp;un march\u00e9 et un spectacle de No\u00ebl.<\/p>\n\n\n\n<p>Ce dernier&nbsp;a&nbsp;\u00e9t\u00e9 pour sa premi\u00e8re \u00e9dition un vrai succ\u00e8s. Sur \u00ab&nbsp;fond de gr\u00e8ve des lutins \u00bb, les enfants accompagn\u00e9s de l\u2019\u00e9quipe d\u2019animation ont chant\u00e9 et&nbsp;r\u00e9pendu&nbsp;l\u2019esprit de No\u00ebl.<\/p>\n\n\n\n<p>Merci \u00e0&nbsp;l\u2019\u00e9quipe enseignante et&nbsp;la mairie&nbsp;d\u2019Arbus pour leur soutien. Merci aux familles&nbsp;qui ont r\u00e9pondu pr\u00e9sent&nbsp;et&nbsp;\u00e9galement \u00e0&nbsp;Mr&nbsp;Basini(parent d\u2019\u00e9l\u00e8ve) pour sont accompagnement \u00e0 la guitare.<\/p>\n\n\n\n<p>Pour le reste de l\u2019ann\u00e9e&nbsp;:&nbsp;<\/p>\n\n\n\n<p>Diff\u00e9rents temps forts vont venir rythmer cette fin d\u2019ann\u00e9e avec notamment le carnaval et la f\u00eate de l\u2019\u00e9cole.<\/p>\n\n\n\n<p>Le \u00ab&nbsp;Club&nbsp;D\u00e9cou\u2019Verte&nbsp;\u00bb sera remis en place en fin d\u2019ann\u00e9e scolaire. Il a pour objectif de permettre aux enfants d\u2019aller un jour par semaine en sortie d\u00e9couvrir leur environnement naturel (for\u00eats, Gave, \u2026), culturel (patrimoine) et de partager des moments avec certains habitants.<\/p>\n\n\n\n<p>Diff\u00e9rentes sorties p\u00e9destres ou v\u00e9los vont aussi \u00eatre organis\u00e9es.<\/p>\n\n\n\n<p>Tous les projets et les programmes d\u2019animation sont disponibles sur le site internet de l\u2019ALA\u00c9.<\/p>\n\n\n\n<p><strong>Contact et Infos&nbsp;:<\/strong><\/p>\n\n\n\n<p><strong>Centre de loisirs&nbsp;(ALSH&nbsp;<\/strong><strong>vacances&nbsp;<\/strong><strong>+ ALA<\/strong><strong>\u00c9&nbsp;<\/strong><strong>des mercredis)&nbsp;:<\/strong><\/p>\n\n\n\n<p>T\u00e9l&nbsp;: 05.59.83.02.24<\/p>\n\n\n\n<p>Mail&nbsp;:&nbsp;<a href=\"mailto:alsh.lileauxenfants@gmail.com\">alsh.lileauxenfants@gmail.com<\/a><\/p>\n\n\n\n<p>Site internet&nbsp;:&nbsp;<a href=\"https:\/\/sites.google.com\/site\/alshartiguelouve\/\">https:\/\/sites.google.com\/site\/alshartiguelouve\/<\/a><\/p>\n\n\n\n<p>Facebook&nbsp;: accueil de loisirs l\u2019\u00eele aux enfants<\/p>\n\n\n\n<p>Adresse&nbsp;: 250 chemin des \u00e9coles- 64230 Artiguelouve<\/p>\n","protected":false},"excerpt":{"rendered":"<p>SIVOM l\u2019\u00eele aux enfants mercredis et vacances&nbsp;&#8212;&#8212;&#8212;&#8212;&#8212;&#8212;&#8212;&#8212;&#8212;&#8212;&#8212;&#8212;&#8212;&#8212;&#8212;&#8212;&#8212;&#8212;&#8212;&#8212;&#8212;&#8212;&#8212;&#8211; L\u2019accueil de loisirs \u00ab&nbsp;l\u2019\u00eele aux enfants&nbsp;\u00bb accueil vos enfants de 3 \u00e0 15 ans tous les mercredis&nbsp;et les vacances&nbsp;de 7h30 \u00e0 18h30 \u00e0 l\u2019exception des jours f\u00e9ri\u00e9s. Avant toute pr\u00e9sence nous demandons aux familles de compl\u00e9ter un dossier d\u2019inscription (disponible sur notre site internet ou au centre de &hellip; <\/p>\n<p><a class=\"more-link btn\" href=\"https:\/\/aubertin.fr\/index.php\/2025\/03\/20\/lile-aux-enfants-2\/\">Lire la suite<\/a><\/p>\n","protected":false},"author":3,"featured_media":0,"comment_status":"closed","ping_status":"closed","sticky":false,"template":"","format":"standard","meta":{"footnotes":""},"categories":[1],"tags":[],"class_list":["post-3309","post","type-post","status-publish","format-standard","hentry","category-non-classe","item-wrap"],"_links":{"self":[{"href":"https:\/\/aubertin.fr\/index.php\/wp-json\/wp\/v2\/posts\/3309","targetHints":{"allow":["GET"]}}],"collection":[{"href":"https:\/\/aubertin.fr\/index.php\/wp-json\/wp\/v2\/posts"}],"about":[{"href":"https:\/\/aubertin.fr\/index.php\/wp-json\/wp\/v2\/types\/post"}],"author":[{"embeddable":true,"href":"https:\/\/aubertin.fr\/index.php\/wp-json\/wp\/v2\/users\/3"}],"replies":[{"embeddable":true,"href":"https:\/\/aubertin.fr\/index.php\/wp-json\/wp\/v2\/comments?post=3309"}],"version-history":[{"count":1,"href":"https:\/\/aubertin.fr\/index.php\/wp-json\/wp\/v2\/posts\/3309\/revisions"}],"predecessor-version":[{"id":3310,"href":"https:\/\/aubertin.fr\/index.php\/wp-json\/wp\/v2\/posts\/3309\/revisions\/3310"}],"wp:attachment":[{"href":"https:\/\/aubertin.fr\/index.php\/wp-json\/wp\/v2\/media?parent=3309"}],"wp:term":[{"taxonomy":"category","embeddable":true,"href":"https:\/\/aubertin.fr\/index.php\/wp-json\/wp\/v2\/categories?post=3309"},{"taxonomy":"post_tag","embeddable":true,"href":"https:\/\/aubertin.fr\/index.php\/wp-json\/wp\/v2\/tags?post=3309"}],"curies":[{"name":"wp","href":"https:\/\/api.w.org\/{rel}","templated":true}]}}