{"id":3317,"date":"2025-04-02T06:32:39","date_gmt":"2025-04-02T04:32:39","guid":{"rendered":"http:\/\/aubertin.fr\/?p=3317"},"modified":"2025-04-02T06:32:41","modified_gmt":"2025-04-02T04:32:41","slug":"exces-de-pluie-fev-oct-2024-pertes-de-recoltes-et-de-fonds-dispositifs-dindemnisation-concernant-les-exploitations-agricoles-sinistrees","status":"publish","type":"post","link":"https:\/\/aubertin.fr\/index.php\/2025\/04\/02\/exces-de-pluie-fev-oct-2024-pertes-de-recoltes-et-de-fonds-dispositifs-dindemnisation-concernant-les-exploitations-agricoles-sinistrees\/","title":{"rendered":"Exc\u00e8s de pluie f\u00e9v-oct 2024 (pertes de r\u00e9coltes et de fonds) \/ Dispositifs d&rsquo;indemnisation concernant les exploitations agricoles sinistr\u00e9es"},"content":{"rendered":"\n<p>Le Minist\u00e8re de l&rsquo;Agriculture et de la Souverainet\u00e9 alimentaire&nbsp;a reconnu des dommages caus\u00e9s par l&rsquo;exc\u00e8s de pluie du 1er f\u00e9vrier au 31 octobre 2024, ouvrant droit \u00e0 l&rsquo;indemnisation des exploitations agricoles sinistr\u00e9es.<\/p>\n\n\n\n<p>Les agriculteurs peuvent d\u00e9poser une demande d&rsquo;indemnisation&nbsp;du 7 avril au 22 mai 2025,&nbsp; par t\u00e9l\u00e9d\u00e9claration sur l&rsquo;application en ligne&nbsp;AleaNat :&nbsp;<a href=\"https:\/\/ecoagri.agriculture.gouv.fr\/aleanat\">https:\/\/ecoagri.agriculture.gouv.fr\/aleanat<\/a><\/p>\n\n\n\n<p>Pour les dommages aux&nbsp;r\u00e9coltes&nbsp;: au titre de l&rsquo;Indemnisation fond\u00e9e sur la Solidarit\u00e9 Nationale (ISN).<\/p>\n\n\n\n<ul class=\"wp-block-list\">\n<li>Pour les pertes de\u00a0fonds\u00a0sur cultures p\u00e9rennes (mortalit\u00e9 des arbres) : au titre des calamit\u00e9s agricoles.<\/li>\n<\/ul>\n\n\n\n<p><br><strong>Afin d&rsquo;enclencher la proc\u00e9dure \u00e0 destination des agriculteurs,<\/strong><strong>&nbsp;nous vous sollicitons<\/strong><strong>&nbsp;pour proc\u00e9der \u00e0 l&rsquo;affichage des arr\u00eat\u00e9s<\/strong><strong><u>concernant votre commune<\/u><\/strong><strong>&nbsp;<\/strong>(Cf. documents joints) :<strong><\/strong><\/p>\n\n\n\n<blockquote class=\"wp-block-quote is-layout-flow wp-block-quote-is-layout-flow\">\n<blockquote class=\"wp-block-quote is-layout-flow wp-block-quote-is-layout-flow\">\n<blockquote class=\"wp-block-quote is-layout-flow wp-block-quote-is-layout-flow\">\n<p><strong>&#8211;&nbsp;<\/strong>Pour tous&nbsp;:&nbsp;<strong>l&rsquo;arr\u00eat\u00e9 pr\u00e9fectoral&nbsp;<\/strong>ouvrant la p\u00e9riode de d\u00e9p\u00f4t des demandes par t\u00e9l\u00e9d\u00e9claration.<\/p>\n\n\n\n<p><strong>&#8211;&nbsp;<\/strong>Selon les pertes \u00e9ligibles dans votre commune&nbsp;<strong>: les a<\/strong><strong>rr\u00eat\u00e9s minist\u00e9riels de reconnaissance<\/strong><strong>.<\/strong><\/p>\n<\/blockquote>\n<\/blockquote>\n<\/blockquote>\n\n\n\n<p><em><br>Dans le tableau ci-dessous, vous trouverez les r\u00e9f\u00e9rences des arr\u00eat\u00e9s de reconnaissance selon les communes :<\/em><\/p>\n\n\n\n<blockquote class=\"wp-block-quote is-layout-flow wp-block-quote-is-layout-flow\"><\/blockquote>\n\n\n\n<blockquote class=\"wp-block-quote is-layout-flow wp-block-quote-is-layout-flow\">\n<p><\/p>\n<\/blockquote>\n\n\n\n<p>L&rsquo;ensemble de ces informations est \u00e9galement accessible sur le site de la Pr\u00e9fecture :&nbsp;&nbsp;<a href=\"https:\/\/www.pyrenees-atlantiques.gouv.fr\/Actions-de-l-Etat\/Agriculture-foret-et-developpement-rural\/Les-aides-agricoles\/Calamites-agricoles\">https:\/\/www.pyrenees-atlantiques.gouv.fr\/Actions-de-l-Etat\/Agriculture-foret-et-developpement-rural\/Les-aides-agricoles\/Calamites-agricoles<\/a><\/p>\n\n\n\n<p>Le service Agriculture reste \u00e0 votre disposition pour tout compl\u00e9ment d&rsquo;information :&nbsp;<a href=\"mailto:ddtm-calamite-agricole@pyrenees-atlantiques.gouv.fr\">ddtm-calamite-agricole@pyrenees-atlantiques.gouv.fr<\/a>&nbsp; ou&nbsp;&nbsp;05 59 80 87 33.<\/p>\n\n\n\n<div data-wp-interactive=\"core\/file\" class=\"wp-block-file\"><object data-wp-bind--hidden=\"!state.hasPdfPreview\" hidden class=\"wp-block-file__embed\" data=\"http:\/\/aubertin.fr\/wp-content\/uploads\/2025\/04\/Arrete-Prefectoral_Ouverture-periode-depot-des-dossiers_31032025.pdf\" type=\"application\/pdf\" style=\"width:100%;height:600px\" aria-label=\"Contenu embarqu\u00e9 Arr\u00eat\u00e9 Pr\u00e9fectoral_Ouverture p\u00e9riode d\u00e9p\u00f4t des dossiers_31032025.\"><\/object><a id=\"wp-block-file--media-09a1b008-3f9d-4ae7-b4fe-5b5f4491b661\" href=\"http:\/\/aubertin.fr\/wp-content\/uploads\/2025\/04\/Arrete-Prefectoral_Ouverture-periode-depot-des-dossiers_31032025.pdf\">Arr\u00eat\u00e9 Pr\u00e9fectoral_Ouverture p\u00e9riode d\u00e9p\u00f4t des dossiers_31032025<\/a><a href=\"http:\/\/aubertin.fr\/wp-content\/uploads\/2025\/04\/Arrete-Prefectoral_Ouverture-periode-depot-des-dossiers_31032025.pdf\" class=\"wp-block-file__button wp-element-button\" download aria-describedby=\"wp-block-file--media-09a1b008-3f9d-4ae7-b4fe-5b5f4491b661\">T\u00e9l\u00e9charger<\/a><\/div>\n\n\n\n<div data-wp-interactive=\"core\/file\" class=\"wp-block-file\"><object data-wp-bind--hidden=\"!state.hasPdfPreview\" hidden class=\"wp-block-file__embed\" data=\"http:\/\/aubertin.fr\/wp-content\/uploads\/2025\/04\/Pour-information_NOTICE-dediee-aux-exploitants-agricoles.pdf\" type=\"application\/pdf\" style=\"width:100%;height:600px\" aria-label=\"Contenu embarqu\u00e9 Pour information_NOTICE d\u00e9di\u00e9e aux exploitants agricoles.\"><\/object><a id=\"wp-block-file--media-cbf73479-de23-498c-a81f-da5832be6d3e\" href=\"http:\/\/aubertin.fr\/wp-content\/uploads\/2025\/04\/Pour-information_NOTICE-dediee-aux-exploitants-agricoles.pdf\">Pour information_NOTICE d\u00e9di\u00e9e aux exploitants agricoles<\/a><a href=\"http:\/\/aubertin.fr\/wp-content\/uploads\/2025\/04\/Pour-information_NOTICE-dediee-aux-exploitants-agricoles.pdf\" class=\"wp-block-file__button wp-element-button\" download aria-describedby=\"wp-block-file--media-cbf73479-de23-498c-a81f-da5832be6d3e\">T\u00e9l\u00e9charger<\/a><\/div>\n\n\n\n<div data-wp-interactive=\"core\/file\" class=\"wp-block-file\"><object data-wp-bind--hidden=\"!state.hasPdfPreview\" hidden class=\"wp-block-file__embed\" data=\"http:\/\/aubertin.fr\/wp-content\/uploads\/2025\/04\/2025.02.12-R-ISN_13032025_Arrete-ISN_VignesPiments-AopKiwis_page8.pdf\" type=\"application\/pdf\" style=\"width:100%;height:600px\" aria-label=\"Contenu embarqu\u00e9 2025.02.12-R-ISN_13032025_Arr\u00eat\u00e9 ISN_Vignes+Piments Aop+Kiwis_(page8).\"><\/object><a id=\"wp-block-file--media-716adf6a-27c4-44be-a2d1-ba738e95cf0c\" href=\"http:\/\/aubertin.fr\/wp-content\/uploads\/2025\/04\/2025.02.12-R-ISN_13032025_Arrete-ISN_VignesPiments-AopKiwis_page8.pdf\">2025.02.12-R-ISN_13032025_Arr\u00eat\u00e9 ISN_Vignes+Piments Aop+Kiwis_(page8)<\/a><a href=\"http:\/\/aubertin.fr\/wp-content\/uploads\/2025\/04\/2025.02.12-R-ISN_13032025_Arrete-ISN_VignesPiments-AopKiwis_page8.pdf\" class=\"wp-block-file__button wp-element-button\" download aria-describedby=\"wp-block-file--media-716adf6a-27c4-44be-a2d1-ba738e95cf0c\">T\u00e9l\u00e9charger<\/a><\/div>\n\n\n\n<div data-wp-interactive=\"core\/file\" class=\"wp-block-file\"><object data-wp-bind--hidden=\"!state.hasPdfPreview\" hidden class=\"wp-block-file__embed\" data=\"http:\/\/aubertin.fr\/wp-content\/uploads\/2025\/04\/2024.12.11-R-ISN_20122024_Arrete-ISN_NoisettesMiel-_page23.pdf\" type=\"application\/pdf\" style=\"width:100%;height:600px\" aria-label=\"Contenu embarqu\u00e9 2024.12.11-R-ISN_20122024_Arr\u00eat\u00e9 ISN_Noisettes+Miel _(page23).\"><\/object><a id=\"wp-block-file--media-cc142f7a-ba71-4871-a308-bf9ec153bd8d\" href=\"http:\/\/aubertin.fr\/wp-content\/uploads\/2025\/04\/2024.12.11-R-ISN_20122024_Arrete-ISN_NoisettesMiel-_page23.pdf\">2024.12.11-R-ISN_20122024_Arr\u00eat\u00e9 ISN_Noisettes+Miel _(page23)<\/a><a href=\"http:\/\/aubertin.fr\/wp-content\/uploads\/2025\/04\/2024.12.11-R-ISN_20122024_Arrete-ISN_NoisettesMiel-_page23.pdf\" class=\"wp-block-file__button wp-element-button\" download aria-describedby=\"wp-block-file--media-cc142f7a-ba71-4871-a308-bf9ec153bd8d\">T\u00e9l\u00e9charger<\/a><\/div>\n\n\n\n<div data-wp-interactive=\"core\/file\" class=\"wp-block-file\"><object data-wp-bind--hidden=\"!state.hasPdfPreview\" hidden class=\"wp-block-file__embed\" data=\"http:\/\/aubertin.fr\/wp-content\/uploads\/2025\/04\/Pour-information_NOTICE-dediee-aux-exploitants-agricoles-1.pdf\" type=\"application\/pdf\" style=\"width:100%;height:600px\" aria-label=\"Contenu embarqu\u00e9 Pour information_NOTICE d\u00e9di\u00e9e aux exploitants agricoles.\"><\/object><a id=\"wp-block-file--media-a55236aa-67fe-421c-a4b1-ac297b0ad2f6\" href=\"http:\/\/aubertin.fr\/wp-content\/uploads\/2025\/04\/Pour-information_NOTICE-dediee-aux-exploitants-agricoles-1.pdf\">Pour information_NOTICE d\u00e9di\u00e9e aux exploitants agricoles<\/a><a href=\"http:\/\/aubertin.fr\/wp-content\/uploads\/2025\/04\/Pour-information_NOTICE-dediee-aux-exploitants-agricoles-1.pdf\" class=\"wp-block-file__button wp-element-button\" download aria-describedby=\"wp-block-file--media-a55236aa-67fe-421c-a4b1-ac297b0ad2f6\">T\u00e9l\u00e9charger<\/a><\/div>\n","protected":false},"excerpt":{"rendered":"<p>Le Minist\u00e8re de l&rsquo;Agriculture et de la Souverainet\u00e9 alimentaire&nbsp;a reconnu des dommages caus\u00e9s par l&rsquo;exc\u00e8s de pluie du 1er f\u00e9vrier au 31 octobre 2024, ouvrant droit \u00e0 l&rsquo;indemnisation des exploitations agricoles sinistr\u00e9es. Les agriculteurs peuvent d\u00e9poser une demande d&rsquo;indemnisation&nbsp;du 7 avril au 22 mai 2025,&nbsp; par t\u00e9l\u00e9d\u00e9claration sur l&rsquo;application en ligne&nbsp;AleaNat :&nbsp;https:\/\/ecoagri.agriculture.gouv.fr\/aleanat Pour les dommages &hellip; <\/p>\n<p><a class=\"more-link btn\" href=\"https:\/\/aubertin.fr\/index.php\/2025\/04\/02\/exces-de-pluie-fev-oct-2024-pertes-de-recoltes-et-de-fonds-dispositifs-dindemnisation-concernant-les-exploitations-agricoles-sinistrees\/\">Lire la suite<\/a><\/p>\n","protected":false},"author":3,"featured_media":583,"comment_status":"closed","ping_status":"closed","sticky":false,"template":"","format":"standard","meta":{"footnotes":""},"categories":[1],"tags":[],"class_list":["post-3317","post","type-post","status-publish","format-standard","has-post-thumbnail","hentry","category-non-classe","item-wrap"],"_links":{"self":[{"href":"https:\/\/aubertin.fr\/index.php\/wp-json\/wp\/v2\/posts\/3317","targetHints":{"allow":["GET"]}}],"collection":[{"href":"https:\/\/aubertin.fr\/index.php\/wp-json\/wp\/v2\/posts"}],"about":[{"href":"https:\/\/aubertin.fr\/index.php\/wp-json\/wp\/v2\/types\/post"}],"author":[{"embeddable":true,"href":"https:\/\/aubertin.fr\/index.php\/wp-json\/wp\/v2\/users\/3"}],"replies":[{"embeddable":true,"href":"https:\/\/aubertin.fr\/index.php\/wp-json\/wp\/v2\/comments?post=3317"}],"version-history":[{"count":1,"href":"https:\/\/aubertin.fr\/index.php\/wp-json\/wp\/v2\/posts\/3317\/revisions"}],"predecessor-version":[{"id":3323,"href":"https:\/\/aubertin.fr\/index.php\/wp-json\/wp\/v2\/posts\/3317\/revisions\/3323"}],"wp:featuredmedia":[{"embeddable":true,"href":"https:\/\/aubertin.fr\/index.php\/wp-json\/wp\/v2\/media\/583"}],"wp:attachment":[{"href":"https:\/\/aubertin.fr\/index.php\/wp-json\/wp\/v2\/media?parent=3317"}],"wp:term":[{"taxonomy":"category","embeddable":true,"href":"https:\/\/aubertin.fr\/index.php\/wp-json\/wp\/v2\/categories?post=3317"},{"taxonomy":"post_tag","embeddable":true,"href":"https:\/\/aubertin.fr\/index.php\/wp-json\/wp\/v2\/tags?post=3317"}],"curies":[{"name":"wp","href":"https:\/\/api.w.org\/{rel}","templated":true}]}}