{"id":3327,"date":"2025-04-02T15:52:13","date_gmt":"2025-04-02T13:52:13","guid":{"rendered":"http:\/\/aubertin.fr\/?p=3327"},"modified":"2025-04-02T15:52:14","modified_gmt":"2025-04-02T13:52:14","slug":"horaires-dete-des-dechetteries","status":"publish","type":"post","link":"https:\/\/aubertin.fr\/index.php\/2025\/04\/02\/horaires-dete-des-dechetteries\/","title":{"rendered":"Horaires d&rsquo;\u00e9t\u00e9 des d\u00e9chetteries"},"content":{"rendered":"\n<p>INFOS &#8211; PAU (64).<br>Les d\u00e9chetteries passent aux horaires d\u2019\u00e9t\u00e9<br>A partir du dimanche 30 mars 2025, les d\u00e9chetteries de la Communaut\u00e9 d\u2019Agglom\u00e9ration s\u2019adaptent \u00e0 l\u2019heure d\u2019\u00e9t\u00e9. Ainsi, les d\u00e9chetteries de Pau, Lescar, Juran\u00e7on, Bizanos, Bosdarros et la plateforme voisine d\u2019Emma\u00fcs fermeront \u00e0 19h du lundi au samedi, au lieu de 17h en p\u00e9riode hivernale.<br>Depuis le d\u00e9but d\u2019ann\u00e9e 2024 en effet, les horaires des d\u00e9chetteries \u00e9voluent au rythme des saisons \u00e9t\u00e9 et hiver et un jour de fermeture hebdomadaire par d\u00e9chetterie a \u00e9t\u00e9 instaur\u00e9 pour l\u2019entretien des sites. Le changement d\u2019horaire de fermeture s\u2019effectue le dimanche du passage \u00e0 l\u2019heure d\u2019hiver ou d\u2019\u00e9t\u00e9. Ainsi, les d\u00e9chetteries repasseront aux horaires d\u2019hiver le dimanche 26 octobre 2025.<br>Des horaires d\u2019\u00e9t\u00e9 encore m\u00e9connus d\u2019apr\u00e8s l\u2019enqu\u00eate sur la fr\u00e9quentation des d\u00e9chetteries<br>Plus de 4200 personnes ont particip\u00e9 \u00e0 l\u2019enqu\u00eate en ligne sur la fr\u00e9quentation des d\u00e9chetteries propos\u00e9e par la Communaut\u00e9 d\u2019Agglom\u00e9ration en f\u00e9vrier. Plus de 90% des r\u00e9pondants se sont dit satisfaits ou tr\u00e8s satisfaits du service propos\u00e9 par les d\u00e9chetteries publiques, et les pistes d\u2019am\u00e9lioration envisag\u00e9es pour permettre le don et la r\u00e9cup\u00e9ration de mat\u00e9riaux encore utilisables semblent int\u00e9resser une part importante des habitants.<\/p>\n\n\n\n<p>21% des r\u00e9pondants \u00e0 l\u2019enqu\u00eate ont indiqu\u00e9 avoir effectivement utilis\u00e9 le nouveau cr\u00e9neau horaire estival jusqu\u2019\u00e0 19h\u2026 mais plus de la moiti\u00e9 des r\u00e9pondants indiquaient ne pas en avoir connaissance. Or ce cr\u00e9neau a \u00e9t\u00e9 identifi\u00e9 comme \u201cheures creuses\u201d et permet de b\u00e9n\u00e9ficier d&rsquo;un service plus fluide, plus pratique, et d\u2019un temps d\u2019attente r\u00e9duit !<br>P\u00e9riodes creuses :<\/p>\n\n\n\n<ul class=\"wp-block-list\">\n<li>Entre 12h et 14h<\/li>\n\n\n\n<li>Entre 16h et 19h en \u00e9t\u00e9 \/ 17h en hiver.<br>Au contraire, les horaires suivants sont r\u00e9guli\u00e8rement les plus fr\u00e9quent\u00e9s \u2026 et les plus encombr\u00e9s !<br>P\u00e9riodes d\u2019affluence :<\/li>\n\n\n\n<li>Entre 10h et 11h<\/li>\n\n\n\n<li>Entre 15h et 16h<br>Rappel des horaires d&rsquo;\u00e9t\u00e9 (\u00e0 partir du 30 mars)<\/li>\n\n\n\n<li>D\u00e9chetterie de Pau : Lundi, mercredi, jeudi et vendredi : 10h-19h Mardi : fermeture au public. Samedi : 9h-19h. Dimanche et jours f\u00e9ri\u00e9s : 9h-12h<\/li>\n\n\n\n<li>D\u00e9chetterie de Lescar : Lundi, mardi, mercredi et vendredi : 10h-19h Jeudi : fermeture au public. Samedi : 9h-19h Dimanche et jours f\u00e9ri\u00e9s : 9h-12h<\/li>\n\n\n\n<li>D\u00e9chetterie de Bizanos : Lundi, mardi, mercredi et jeudi : 10h-19h Vendredi : fermeture au public. Samedi : 9h-19h. Dimanche et jours f\u00e9ri\u00e9s : 9h-12h<\/li>\n\n\n\n<li>D\u00e9chetterie de Juran\u00e7on : Lundi, mardi, jeudi et vendredi : 10h-19h Mercredi : fermeture au public. Samedi : 9h-19h Dimanche et jours f\u00e9ri\u00e9s : 9h-12h<\/li>\n\n\n\n<li>Plateforme d\u00e9chets &amp; gravats d&rsquo;Emma\u00fcs : Lundi au vendredi : 9h-19h Samedi : 9h-19h. Dimanche et jours f\u00e9ri\u00e9s : 9h-12h<\/li>\n\n\n\n<li>D\u00e9chetterie de Bosdarros : Mercredi : 9h-13h Samedi : 9h-19h<br>Rappel des horaires d&rsquo;hiver (\u00e0 partir du dimanche 26 octobre 2025)<\/li>\n\n\n\n<li>D\u00e9chetterie de Pau : Lundi, mercredi, jeudi et vendredi : 10h-17h Mardi : fermeture au public. Samedi : 9h-17h. Dimanche et jours f\u00e9ri\u00e9s : 9h-12h<\/li>\n\n\n\n<li>D\u00e9chetterie de Lescar : Lundi, mardi, mercredi et vendredi : 10h-17h Jeudi : fermeture au public. Samedi : 9h-17h. Dimanche et jours f\u00e9ri\u00e9s : 9h-12h<\/li>\n\n\n\n<li>D\u00e9chetterie de Bizanos : Lundi, mardi, mercredi et jeudi : 10h-17h Vendredi : fermeture au public. Samedi : 9h-17h Dimanche et jours f\u00e9ri\u00e9s : 9h-12h<\/li>\n\n\n\n<li>D\u00e9chetterie de Juran\u00e7on : Lundi, mardi, jeudi et vendredi : 10h-17h Mercredi : fermeture au public. Samedi : 9h-17h Dimanche et jours f\u00e9ri\u00e9s : 9h-12h<\/li>\n\n\n\n<li>Plateforme d\u00e9chets &amp; gravats d&rsquo;Emma\u00fcs : Lundi au vendredi : 9h-17h Samedi : 9h-17h. Dimanche et jours f\u00e9ri\u00e9s : 9h-12h<\/li>\n\n\n\n<li>D\u00e9chetterie de Bosdarros : Mercredi : 9h-13h. Samedi : 9h-17h<\/li>\n<\/ul>\n","protected":false},"excerpt":{"rendered":"<p>INFOS &#8211; PAU (64).Les d\u00e9chetteries passent aux horaires d\u2019\u00e9t\u00e9A partir du dimanche 30 mars 2025, les d\u00e9chetteries de la Communaut\u00e9 d\u2019Agglom\u00e9ration s\u2019adaptent \u00e0 l\u2019heure d\u2019\u00e9t\u00e9. Ainsi, les d\u00e9chetteries de Pau, Lescar, Juran\u00e7on, Bizanos, Bosdarros et la plateforme voisine d\u2019Emma\u00fcs fermeront \u00e0 19h du lundi au samedi, au lieu de 17h en p\u00e9riode hivernale.Depuis le d\u00e9but &hellip; <\/p>\n<p><a class=\"more-link btn\" href=\"https:\/\/aubertin.fr\/index.php\/2025\/04\/02\/horaires-dete-des-dechetteries\/\">Lire la suite<\/a><\/p>\n","protected":false},"author":3,"featured_media":3330,"comment_status":"closed","ping_status":"closed","sticky":false,"template":"","format":"standard","meta":{"footnotes":""},"categories":[1],"tags":[],"class_list":["post-3327","post","type-post","status-publish","format-standard","has-post-thumbnail","hentry","category-non-classe","item-wrap"],"_links":{"self":[{"href":"https:\/\/aubertin.fr\/index.php\/wp-json\/wp\/v2\/posts\/3327","targetHints":{"allow":["GET"]}}],"collection":[{"href":"https:\/\/aubertin.fr\/index.php\/wp-json\/wp\/v2\/posts"}],"about":[{"href":"https:\/\/aubertin.fr\/index.php\/wp-json\/wp\/v2\/types\/post"}],"author":[{"embeddable":true,"href":"https:\/\/aubertin.fr\/index.php\/wp-json\/wp\/v2\/users\/3"}],"replies":[{"embeddable":true,"href":"https:\/\/aubertin.fr\/index.php\/wp-json\/wp\/v2\/comments?post=3327"}],"version-history":[{"count":1,"href":"https:\/\/aubertin.fr\/index.php\/wp-json\/wp\/v2\/posts\/3327\/revisions"}],"predecessor-version":[{"id":3328,"href":"https:\/\/aubertin.fr\/index.php\/wp-json\/wp\/v2\/posts\/3327\/revisions\/3328"}],"wp:featuredmedia":[{"embeddable":true,"href":"https:\/\/aubertin.fr\/index.php\/wp-json\/wp\/v2\/media\/3330"}],"wp:attachment":[{"href":"https:\/\/aubertin.fr\/index.php\/wp-json\/wp\/v2\/media?parent=3327"}],"wp:term":[{"taxonomy":"category","embeddable":true,"href":"https:\/\/aubertin.fr\/index.php\/wp-json\/wp\/v2\/categories?post=3327"},{"taxonomy":"post_tag","embeddable":true,"href":"https:\/\/aubertin.fr\/index.php\/wp-json\/wp\/v2\/tags?post=3327"}],"curies":[{"name":"wp","href":"https:\/\/api.w.org\/{rel}","templated":true}]}}