{"id":3362,"date":"2025-04-16T21:43:05","date_gmt":"2025-04-16T19:43:05","guid":{"rendered":"http:\/\/aubertin.fr\/?p=3362"},"modified":"2025-04-16T21:43:50","modified_gmt":"2025-04-16T19:43:50","slug":"theatre-a-aubertin-le-27-avril","status":"publish","type":"post","link":"https:\/\/aubertin.fr\/index.php\/2025\/04\/16\/theatre-a-aubertin-le-27-avril\/","title":{"rendered":"THEATRE A AUBERTIN LE 27 AVRIL"},"content":{"rendered":"\n<p>Un nouveau spectacle de th\u00e9\u00e2tre en langue b\u00e9arnaise est pr\u00e9vu dimanche 27 avril prochain \u00e0&nbsp;<strong>15 heures<\/strong>&nbsp;\u00e0 la Maison pour tous d&rsquo;Aubertin.<\/p>\n\n\n\n<p>C&rsquo;est la troupe \u00ab\u00a0Trote-c\u00e0s\u00a0\u00bb provenant de Castetis et men\u00e9e par Adrien Laborde qui pr\u00e9sentera ce spectacle parrain\u00e9 par la troupe d&rsquo;Aubertin \u00ab\u00a0L&rsquo;Art-de-rien\u00a0\u00bb.<\/p>\n\n\n\n<p>Rappelons que Trote-c\u00e0s \u00e9tait venu d\u00e9j\u00e0 jouer \u00e0 Aubertin avec un grand succ\u00e8s il y a un an environ. Nul doute que ce nouveau spectacle r\u00e9jouira petits et grands, b\u00e9arnophones ou pas. Venez nombreux !<\/p>\n\n\n\n<p>LOU BAYLET DE BORDEBIELHE. Cette pi\u00e8ce retrace la vie de la famille Bordenave, dans les ann\u00e9es 60\/70. Jan,&nbsp;le ma\u00eetre des lieux est tr\u00e8s fier d&rsquo;avoir, \u00e0 son service, le dernier domestique (lou baylet) du village. Mais un fait de vie va venir bouleverser l&rsquo;ambiance familiale. Comme avec la pi\u00e8ce pr\u00e9c\u00e9dente le public repart enchant\u00e9 d&rsquo;avoir bien ri et de s&rsquo;\u00eatre retrouv\u00e9 dans l&rsquo;ambiance d&rsquo;une famille rurale d&rsquo;il y a 60ans.<\/p>\n\n\n\n<p>Le rire est bon pour la sant\u00e9&#8230;surtout par les temps qui courent! ! !<\/p>\n\n\n\n<figure class=\"wp-block-image size-large\"><img loading=\"lazy\" decoding=\"async\" width=\"1024\" height=\"614\" src=\"http:\/\/aubertin.fr\/wp-content\/uploads\/2025\/04\/IMG_0814-1024x614.jpeg\" alt=\"\" class=\"wp-image-3363\" srcset=\"https:\/\/aubertin.fr\/wp-content\/uploads\/2025\/04\/IMG_0814-1024x614.jpeg 1024w, https:\/\/aubertin.fr\/wp-content\/uploads\/2025\/04\/IMG_0814-300x180.jpeg 300w, https:\/\/aubertin.fr\/wp-content\/uploads\/2025\/04\/IMG_0814-768x460.jpeg 768w, https:\/\/aubertin.fr\/wp-content\/uploads\/2025\/04\/IMG_0814-555x333.jpeg 555w, https:\/\/aubertin.fr\/wp-content\/uploads\/2025\/04\/IMG_0814.jpeg 1170w\" sizes=\"auto, (max-width: 1024px) 100vw, 1024px\" \/><\/figure>\n\n\n\n<figure class=\"wp-block-image size-large\"><img loading=\"lazy\" decoding=\"async\" width=\"1024\" height=\"605\" src=\"http:\/\/aubertin.fr\/wp-content\/uploads\/2025\/04\/IMG_0815-1024x605.jpeg\" alt=\"\" class=\"wp-image-3364\" srcset=\"https:\/\/aubertin.fr\/wp-content\/uploads\/2025\/04\/IMG_0815-1024x605.jpeg 1024w, https:\/\/aubertin.fr\/wp-content\/uploads\/2025\/04\/IMG_0815-300x177.jpeg 300w, https:\/\/aubertin.fr\/wp-content\/uploads\/2025\/04\/IMG_0815-768x453.jpeg 768w, https:\/\/aubertin.fr\/wp-content\/uploads\/2025\/04\/IMG_0815-555x328.jpeg 555w, https:\/\/aubertin.fr\/wp-content\/uploads\/2025\/04\/IMG_0815.jpeg 1111w\" sizes=\"auto, (max-width: 1024px) 100vw, 1024px\" \/><\/figure>\n","protected":false},"excerpt":{"rendered":"<p>Un nouveau spectacle de th\u00e9\u00e2tre en langue b\u00e9arnaise est pr\u00e9vu dimanche 27 avril prochain \u00e0&nbsp;15 heures&nbsp;\u00e0 la Maison pour tous d&rsquo;Aubertin. C&rsquo;est la troupe \u00ab\u00a0Trote-c\u00e0s\u00a0\u00bb provenant de Castetis et men\u00e9e par Adrien Laborde qui pr\u00e9sentera ce spectacle parrain\u00e9 par la troupe d&rsquo;Aubertin \u00ab\u00a0L&rsquo;Art-de-rien\u00a0\u00bb. Rappelons que Trote-c\u00e0s \u00e9tait venu d\u00e9j\u00e0 jouer \u00e0 Aubertin avec un grand &hellip; <\/p>\n<p><a class=\"more-link btn\" href=\"https:\/\/aubertin.fr\/index.php\/2025\/04\/16\/theatre-a-aubertin-le-27-avril\/\">Lire la suite<\/a><\/p>\n","protected":false},"author":3,"featured_media":3363,"comment_status":"closed","ping_status":"closed","sticky":false,"template":"","format":"standard","meta":{"footnotes":""},"categories":[1],"tags":[],"class_list":["post-3362","post","type-post","status-publish","format-standard","has-post-thumbnail","hentry","category-non-classe","item-wrap"],"_links":{"self":[{"href":"https:\/\/aubertin.fr\/index.php\/wp-json\/wp\/v2\/posts\/3362","targetHints":{"allow":["GET"]}}],"collection":[{"href":"https:\/\/aubertin.fr\/index.php\/wp-json\/wp\/v2\/posts"}],"about":[{"href":"https:\/\/aubertin.fr\/index.php\/wp-json\/wp\/v2\/types\/post"}],"author":[{"embeddable":true,"href":"https:\/\/aubertin.fr\/index.php\/wp-json\/wp\/v2\/users\/3"}],"replies":[{"embeddable":true,"href":"https:\/\/aubertin.fr\/index.php\/wp-json\/wp\/v2\/comments?post=3362"}],"version-history":[{"count":2,"href":"https:\/\/aubertin.fr\/index.php\/wp-json\/wp\/v2\/posts\/3362\/revisions"}],"predecessor-version":[{"id":3366,"href":"https:\/\/aubertin.fr\/index.php\/wp-json\/wp\/v2\/posts\/3362\/revisions\/3366"}],"wp:featuredmedia":[{"embeddable":true,"href":"https:\/\/aubertin.fr\/index.php\/wp-json\/wp\/v2\/media\/3363"}],"wp:attachment":[{"href":"https:\/\/aubertin.fr\/index.php\/wp-json\/wp\/v2\/media?parent=3362"}],"wp:term":[{"taxonomy":"category","embeddable":true,"href":"https:\/\/aubertin.fr\/index.php\/wp-json\/wp\/v2\/categories?post=3362"},{"taxonomy":"post_tag","embeddable":true,"href":"https:\/\/aubertin.fr\/index.php\/wp-json\/wp\/v2\/tags?post=3362"}],"curies":[{"name":"wp","href":"https:\/\/api.w.org\/{rel}","templated":true}]}}