{"id":3423,"date":"2025-05-10T16:02:00","date_gmt":"2025-05-10T14:02:00","guid":{"rendered":"http:\/\/aubertin.fr\/?p=3423"},"modified":"2025-05-10T16:27:36","modified_gmt":"2025-05-10T14:27:36","slug":"ceremonie-du-8-mai-4","status":"publish","type":"post","link":"https:\/\/aubertin.fr\/index.php\/2025\/05\/10\/ceremonie-du-8-mai-4\/","title":{"rendered":"C\u00e9r\u00e9monie du 8 mai."},"content":{"rendered":"\n<p>La comm\u00e9moration du 8 mai s\u2019est d\u00e9roul\u00e9e hier dans un climat de recueillement et de respect. La journ\u00e9e a d\u00e9but\u00e9 par une courte c\u00e9r\u00e9monie \u00e0 l\u2019\u00e9glise, rassemblant \u00e9lus, habitants et repr\u00e9sentants des anciens combattants.<\/p>\n\n\n\n<p>Le cort\u00e8ge s\u2019est ensuite dirig\u00e9 vers le monument aux morts, o\u00f9 une gerbe a \u00e9t\u00e9 d\u00e9pos\u00e9e en hommage aux victimes de la Seconde Guerre mondiale. Des jeunes ont particip\u00e9 activement \u00e0 la c\u00e9r\u00e9monie en lisant des textes rappelant l\u2019importance du devoir de m\u00e9moire et les valeurs de paix et de libert\u00e9.<\/p>\n\n\n\n<p>Une minute de silence a \u00e9t\u00e9 observ\u00e9e, suivie de l\u2019hymne national, <em>La Marseillaise<\/em>, chant\u00e9e avec \u00e9motion par l\u2019assembl\u00e9e.<\/p>\n\n\n\n<p>La matin\u00e9e s\u2019est conclue par le traditionnel pot de l\u2019amiti\u00e9, permettant un moment d\u2019\u00e9change convivial entre les participants.<\/p>\n\n\n\n<div class=\"alignnormal\"><div id=\"metaslider-id-3427\" style=\"width: 100%;\" class=\"ml-slider-3-106-0 metaslider metaslider-flex metaslider-3427 ml-slider has-dots-nav ms-theme-default\" role=\"region\" aria-label=\"8 mai 2025\" data-height=\"1500\" data-width=\"2000\">\n    <div id=\"metaslider_container_3427\">\n        <div id=\"metaslider_3427\">\n            <ul class='slides'>\n                <li style=\"display: block; width: 100%;\" class=\"slide-3429 ms-image \" aria-roledescription=\"slide\" data-date=\"2025-05-10 16:07:46\" data-filename=\"IMG_0939-scaled-2000x1500.jpeg\" data-slide-type=\"image\"><img loading=\"lazy\" decoding=\"async\" src=\"https:\/\/aubertin.fr\/wp-content\/uploads\/2025\/05\/IMG_0939-scaled-2000x1500.jpeg\" height=\"1500\" width=\"2000\" alt=\"\" class=\"slider-3427 slide-3429 msDefaultImage\" title=\"IMG_0939\" \/><\/li>\n                <li style=\"display: none; width: 100%;\" class=\"slide-3430 ms-image \" aria-roledescription=\"slide\" data-date=\"2025-05-10 16:07:56\" data-filename=\"IMG_0939-scaled-2000x1500.jpeg\" data-slide-type=\"image\"><img loading=\"lazy\" decoding=\"async\" src=\"https:\/\/aubertin.fr\/wp-content\/uploads\/2025\/05\/IMG_0939-scaled-2000x1500.jpeg\" height=\"1500\" width=\"2000\" alt=\"\" class=\"slider-3427 slide-3430 msDefaultImage\" title=\"IMG_0939\" \/><\/li>\n                <li style=\"display: none; width: 100%;\" class=\"slide-3431 ms-image \" aria-roledescription=\"slide\" data-date=\"2025-05-10 16:08:07\" data-filename=\"IMG_0940-scaled-2000x1500.jpeg\" data-slide-type=\"image\"><img loading=\"lazy\" decoding=\"async\" src=\"https:\/\/aubertin.fr\/wp-content\/uploads\/2025\/05\/IMG_0940-scaled-2000x1500.jpeg\" height=\"1500\" width=\"2000\" alt=\"\" class=\"slider-3427 slide-3431 msDefaultImage\" title=\"IMG_0940\" \/><\/li>\n                <li style=\"display: none; width: 100%;\" class=\"slide-3432 ms-image \" aria-roledescription=\"slide\" data-date=\"2025-05-10 16:08:17\" data-filename=\"IMG_0942-scaled-2000x1500.jpeg\" data-slide-type=\"image\"><img loading=\"lazy\" decoding=\"async\" src=\"https:\/\/aubertin.fr\/wp-content\/uploads\/2025\/05\/IMG_0942-scaled-2000x1500.jpeg\" height=\"1500\" width=\"2000\" alt=\"\" class=\"slider-3427 slide-3432 msDefaultImage\" title=\"IMG_0942\" \/><\/li>\n                <li style=\"display: none; width: 100%;\" class=\"slide-3433 ms-image \" aria-roledescription=\"slide\" data-date=\"2025-05-10 16:08:30\" data-filename=\"IMG_0944-scaled-2000x1500.jpeg\" data-slide-type=\"image\"><img loading=\"lazy\" decoding=\"async\" src=\"https:\/\/aubertin.fr\/wp-content\/uploads\/2025\/05\/IMG_0944-scaled-2000x1500.jpeg\" height=\"1500\" width=\"2000\" alt=\"\" class=\"slider-3427 slide-3433 msDefaultImage\" title=\"IMG_0944\" \/><\/li>\n                <li style=\"display: none; width: 100%;\" class=\"slide-3434 ms-image \" aria-roledescription=\"slide\" data-date=\"2025-05-10 16:08:43\" data-filename=\"IMG_0945-scaled-2000x1500.jpeg\" data-slide-type=\"image\"><img loading=\"lazy\" decoding=\"async\" src=\"https:\/\/aubertin.fr\/wp-content\/uploads\/2025\/05\/IMG_0945-scaled-2000x1500.jpeg\" height=\"1500\" width=\"2000\" alt=\"\" class=\"slider-3427 slide-3434 msDefaultImage\" title=\"IMG_0945\" \/><\/li>\n                <li style=\"display: none; width: 100%;\" class=\"slide-3435 ms-image \" aria-roledescription=\"slide\" data-date=\"2025-05-10 16:09:01\" data-filename=\"522113720175198566-1204x903.jpeg\" data-slide-type=\"image\"><img loading=\"lazy\" decoding=\"async\" src=\"https:\/\/aubertin.fr\/wp-content\/uploads\/2025\/05\/522113720175198566-1204x903.jpeg\" height=\"1500\" width=\"2000\" alt=\"\" class=\"slider-3427 slide-3435 msDefaultImage\" title=\"522113720175198566\" \/><\/li>\n                <li style=\"display: none; width: 100%;\" class=\"slide-3436 ms-image \" aria-roledescription=\"slide\" data-date=\"2025-05-10 16:09:16\" data-filename=\"9086139673954430447-1599x1199.jpeg\" data-slide-type=\"image\"><img loading=\"lazy\" decoding=\"async\" src=\"https:\/\/aubertin.fr\/wp-content\/uploads\/2025\/05\/9086139673954430447-1599x1199.jpeg\" height=\"1500\" width=\"2000\" alt=\"\" class=\"slider-3427 slide-3436 msDefaultImage\" title=\"9086139673954430447\" \/><\/li>\n                <li style=\"display: none; width: 100%;\" class=\"slide-3437 ms-image \" aria-roledescription=\"slide\" data-date=\"2025-05-10 16:09:41\" data-filename=\"IMG_0951-scaled-2000x1500.jpeg\" data-slide-type=\"image\"><img loading=\"lazy\" decoding=\"async\" src=\"https:\/\/aubertin.fr\/wp-content\/uploads\/2025\/05\/IMG_0951-scaled-2000x1500.jpeg\" height=\"1500\" width=\"2000\" alt=\"\" class=\"slider-3427 slide-3437 msDefaultImage\" title=\"IMG_0951\" \/><\/li>\n                <li style=\"display: none; width: 100%;\" class=\"slide-3438 ms-image \" aria-roledescription=\"slide\" data-date=\"2025-05-10 16:09:55\" data-filename=\"IMG_0952-scaled-2000x1500.jpeg\" data-slide-type=\"image\"><img loading=\"lazy\" decoding=\"async\" src=\"https:\/\/aubertin.fr\/wp-content\/uploads\/2025\/05\/IMG_0952-scaled-2000x1500.jpeg\" height=\"1500\" width=\"2000\" alt=\"\" class=\"slider-3427 slide-3438 msDefaultImage\" title=\"IMG_0952\" \/><\/li>\n                <li style=\"display: none; width: 100%;\" class=\"slide-3439 ms-image \" aria-roledescription=\"slide\" data-date=\"2025-05-10 16:10:08\" data-filename=\"IMG_0954-scaled-2000x1500.jpeg\" data-slide-type=\"image\"><img loading=\"lazy\" decoding=\"async\" src=\"https:\/\/aubertin.fr\/wp-content\/uploads\/2025\/05\/IMG_0954-scaled-2000x1500.jpeg\" height=\"1500\" width=\"2000\" alt=\"\" class=\"slider-3427 slide-3439 msDefaultImage\" title=\"IMG_0954\" \/><\/li>\n            <\/ul>\n        <\/div>\n        \n    <\/div>\n<\/div><\/div>\n\n\n\n\n\n<figure class=\"wp-block-video\"><video height=\"1080\" style=\"aspect-ratio: 1920 \/ 1080;\" width=\"1920\" controls src=\"http:\/\/aubertin.fr\/wp-content\/uploads\/2025\/05\/33eebb3d-6b6e-7301-bd92-c224fcacbfbb_custom.mp4\"><\/video><\/figure>\n\n\n\n<figure class=\"wp-block-video\"><\/figure>\n\n\n\n<figure class=\"wp-block-video\"><\/figure>\n\n\n\n<figure class=\"wp-block-video\"><\/figure>\n\n\n\n<figure class=\"wp-block-video\"><\/figure>\n\n\n\n<figure class=\"wp-block-video\"><\/figure>\n","protected":false},"excerpt":{"rendered":"<p>La comm\u00e9moration du 8 mai s\u2019est d\u00e9roul\u00e9e hier dans un climat de recueillement et de respect. La journ\u00e9e a d\u00e9but\u00e9 par une courte c\u00e9r\u00e9monie \u00e0 l\u2019\u00e9glise, rassemblant \u00e9lus, habitants et repr\u00e9sentants des anciens combattants. Le cort\u00e8ge s\u2019est ensuite dirig\u00e9 vers le monument aux morts, o\u00f9 une gerbe a \u00e9t\u00e9 d\u00e9pos\u00e9e en hommage aux victimes de &hellip; <\/p>\n<p><a class=\"more-link btn\" href=\"https:\/\/aubertin.fr\/index.php\/2025\/05\/10\/ceremonie-du-8-mai-4\/\">Lire la suite<\/a><\/p>\n","protected":false},"author":3,"featured_media":3410,"comment_status":"closed","ping_status":"closed","sticky":false,"template":"","format":"standard","meta":{"footnotes":""},"categories":[1],"tags":[],"class_list":["post-3423","post","type-post","status-publish","format-standard","has-post-thumbnail","hentry","category-non-classe","item-wrap"],"_links":{"self":[{"href":"https:\/\/aubertin.fr\/index.php\/wp-json\/wp\/v2\/posts\/3423","targetHints":{"allow":["GET"]}}],"collection":[{"href":"https:\/\/aubertin.fr\/index.php\/wp-json\/wp\/v2\/posts"}],"about":[{"href":"https:\/\/aubertin.fr\/index.php\/wp-json\/wp\/v2\/types\/post"}],"author":[{"embeddable":true,"href":"https:\/\/aubertin.fr\/index.php\/wp-json\/wp\/v2\/users\/3"}],"replies":[{"embeddable":true,"href":"https:\/\/aubertin.fr\/index.php\/wp-json\/wp\/v2\/comments?post=3423"}],"version-history":[{"count":4,"href":"https:\/\/aubertin.fr\/index.php\/wp-json\/wp\/v2\/posts\/3423\/revisions"}],"predecessor-version":[{"id":3443,"href":"https:\/\/aubertin.fr\/index.php\/wp-json\/wp\/v2\/posts\/3423\/revisions\/3443"}],"wp:featuredmedia":[{"embeddable":true,"href":"https:\/\/aubertin.fr\/index.php\/wp-json\/wp\/v2\/media\/3410"}],"wp:attachment":[{"href":"https:\/\/aubertin.fr\/index.php\/wp-json\/wp\/v2\/media?parent=3423"}],"wp:term":[{"taxonomy":"category","embeddable":true,"href":"https:\/\/aubertin.fr\/index.php\/wp-json\/wp\/v2\/categories?post=3423"},{"taxonomy":"post_tag","embeddable":true,"href":"https:\/\/aubertin.fr\/index.php\/wp-json\/wp\/v2\/tags?post=3423"}],"curies":[{"name":"wp","href":"https:\/\/api.w.org\/{rel}","templated":true}]}}