{"id":3493,"date":"2025-06-13T16:24:00","date_gmt":"2025-06-13T14:24:00","guid":{"rendered":"https:\/\/aubertin.fr\/?p=3493"},"modified":"2025-06-13T14:26:02","modified_gmt":"2025-06-13T12:26:02","slug":"juin-evenements-erip-du-bearn","status":"publish","type":"post","link":"https:\/\/aubertin.fr\/index.php\/2025\/06\/13\/juin-evenements-erip-du-bearn\/","title":{"rendered":"JUIN &#8211; Ev\u00e9nements ERIP du B\u00e9arn"},"content":{"rendered":"\n<p>L&rsquo;ERIP&nbsp;du B\u00e9arn&nbsp;(Espace R\u00e9gional d&rsquo;Information de Proximit\u00e9)&nbsp;organise de nombreux&nbsp;\u00e9v\u00e9nements&nbsp;(<strong>ouverts \u00e0 tout public sans condition d&rsquo;\u00e2ge<\/strong>) qui permettent de faire d\u00e9couvrir des formations, des m\u00e9tiers et de postuler \u00e0 des offres en rencontrant directement des recruteurs.<\/p>\n\n\n\n<p>Nous vous invitons \u00e0 noter les dates de nos prochaines actions et \u00e0 les partager pour les faire conna\u00eetre au grand public :<\/p>\n\n\n\n<ul class=\"wp-block-list\">\n<li><strong>Le mercredi\u00a018 juin \u00e0 10h30<\/strong><strong>\u00a0\u00e0 PAU<\/strong>\u00a0(locaux de la Mission Locale, Tour de la R\u00e9publique,\u00a08 rue Carnot)\u00a0:\u00a0<strong>R\u00e9union d&rsquo;Information<\/strong>\u00a0<strong>avec le\u00a0CIBC\u00a0SUD-AQUITAINE<\/strong><\/li>\n<\/ul>\n\n\n\n<blockquote class=\"wp-block-quote is-layout-flow wp-block-quote-is-layout-flow\">\n<p>Comme tous les mois, Cathy BORDIS, Directrice du&nbsp;CIBC&nbsp;Sud-Aquitaine, vient r\u00e9pondre aux questions de ceux qui souhaitent \u00eatre conseill\u00e9s sur leur&nbsp;<strong>orientation professionnelle<\/strong>, l&rsquo;utilisation de leur<strong>&nbsp;CPF,<\/strong>&nbsp;leur&nbsp;<strong>reconversion<\/strong>&nbsp;ou encore leur&nbsp;<strong>\u00e9volution professionnelle<\/strong>.&nbsp;<\/p>\n<\/blockquote>\n\n\n\n<blockquote class=\"wp-block-quote is-layout-flow wp-block-quote-is-layout-flow\">\n<p>+ d&rsquo;infos :&nbsp;<a href=\"tel:0559989040\" target=\"_blank\" rel=\"noreferrer noopener\">05 59 98 90 40<\/a>&nbsp;\/&nbsp;<a href=\"mailto:eripbearnpau@mljpau.fr\" target=\"_blank\" rel=\"noreferrer noopener\">eripbearnpau@mljpau.fr<\/a><\/p>\n<\/blockquote>\n\n\n\n<ul class=\"wp-block-list\">\n<li><strong>\u00a0Le mercredi 18 juin \u00e0 14h30\u00a0\u00e0 NAY\u00a0<\/strong><strong>\u00a0(\u00a0<\/strong>dans les locaux de l&rsquo;antenne de la Mission Locale, 1er \u00e9tage de l&rsquo;H\u00f4tel de Ville de Nay\u00a0<strong>) :\u00a01 Heure 1 M\u00e9tier &#8211; Animateur\u00a0<\/strong><\/li>\n<\/ul>\n\n\n\n<blockquote class=\"wp-block-quote is-layout-flow wp-block-quote-is-layout-flow\">\n<p>Une information collective est organis\u00e9e en partenariat avec la Communaut\u00e9 de Communes du Pays de Nay pour d\u00e9couvrir le m\u00e9tier d&rsquo;animateur et les conditions d&rsquo;acc\u00e8s, de prise en charge et des \u00e9tapes de la formation BAFA (Brevet d&rsquo;Aptitude aux Fonctions d&rsquo;Animateur)<\/p>\n\n\n\n<p>+ d&rsquo;infos :&nbsp;<a href=\"tel:0970720163\" target=\"_blank\" rel=\"noreferrer noopener\">09 70 72 01 63<\/a>&nbsp;\/&nbsp;<a href=\"mailto:eripbearnpau@mljpau.fr\" target=\"_blank\" rel=\"noreferrer noopener\">eripbearnpau@mljpau.fr<\/a><\/p>\n<\/blockquote>\n\n\n\n<ul class=\"wp-block-list\">\n<li><strong>Le jeudi 19 juin \u00e0 10h\u00a0\u00e0 la Mairie de LONS\u00a0<\/strong>(Place Bernard Deytieux)\u00a0<strong>:\u00a0Zoom sur le m\u00e9tier de Contr\u00f4leur Technique pour v\u00e9hicules l\u00e9gers et motos<\/strong><\/li>\n<\/ul>\n\n\n\n<blockquote class=\"wp-block-quote is-layout-flow wp-block-quote-is-layout-flow\">\n<p>Venez d\u00e9couvrir le m\u00e9tier de Contr\u00f4leur Technique Auto\/Moto ainsi que les formations li\u00e9es lors de ce zoom organis\u00e9 en partenariat avec CAPL 64 et l&rsquo;AFPA.<br>L&rsquo;occasion de rencontrer des professionnels et des formateurs afin d&rsquo;avoir toutes les r\u00e9ponses \u00e0 vos questions.<\/p>\n<\/blockquote>\n\n\n\n<blockquote class=\"wp-block-quote is-layout-flow wp-block-quote-is-layout-flow\">\n<p>+ d&rsquo;infos :&nbsp;<a href=\"tel:0559403244\" target=\"_blank\" rel=\"noreferrer noopener\">05 59 40 32 44<\/a>&nbsp;\/&nbsp;<a href=\"mailto:eripbearnpau@mljpau.fr\" target=\"_blank\" rel=\"noreferrer noopener\">eripbearnpau@mljpau.fr<\/a><\/p>\n<\/blockquote>\n\n\n\n<figure class=\"wp-block-image size-large\"><img loading=\"lazy\" decoding=\"async\" width=\"1024\" height=\"1024\" src=\"http:\/\/aubertin.fr\/wp-content\/uploads\/2025\/06\/2025-06-18-NAY-BAFA-RS-1024x1024.jpeg\" alt=\"\" class=\"wp-image-3490\" srcset=\"https:\/\/aubertin.fr\/wp-content\/uploads\/2025\/06\/2025-06-18-NAY-BAFA-RS-1024x1024.jpeg 1024w, https:\/\/aubertin.fr\/wp-content\/uploads\/2025\/06\/2025-06-18-NAY-BAFA-RS-300x300.jpeg 300w, https:\/\/aubertin.fr\/wp-content\/uploads\/2025\/06\/2025-06-18-NAY-BAFA-RS-150x150.jpeg 150w, https:\/\/aubertin.fr\/wp-content\/uploads\/2025\/06\/2025-06-18-NAY-BAFA-RS-768x768.jpeg 768w, https:\/\/aubertin.fr\/wp-content\/uploads\/2025\/06\/2025-06-18-NAY-BAFA-RS-555x555.jpeg 555w, https:\/\/aubertin.fr\/wp-content\/uploads\/2025\/06\/2025-06-18-NAY-BAFA-RS.jpeg 1080w\" sizes=\"auto, (max-width: 1024px) 100vw, 1024px\" \/><\/figure>\n\n\n\n<figure class=\"wp-block-image size-large\"><img loading=\"lazy\" decoding=\"async\" width=\"1024\" height=\"1024\" src=\"http:\/\/aubertin.fr\/wp-content\/uploads\/2025\/06\/2025-06-18-CIBC-RS-1024x1024.jpeg\" alt=\"\" class=\"wp-image-3491\" srcset=\"https:\/\/aubertin.fr\/wp-content\/uploads\/2025\/06\/2025-06-18-CIBC-RS-1024x1024.jpeg 1024w, https:\/\/aubertin.fr\/wp-content\/uploads\/2025\/06\/2025-06-18-CIBC-RS-300x300.jpeg 300w, https:\/\/aubertin.fr\/wp-content\/uploads\/2025\/06\/2025-06-18-CIBC-RS-150x150.jpeg 150w, https:\/\/aubertin.fr\/wp-content\/uploads\/2025\/06\/2025-06-18-CIBC-RS-768x768.jpeg 768w, https:\/\/aubertin.fr\/wp-content\/uploads\/2025\/06\/2025-06-18-CIBC-RS-555x555.jpeg 555w, https:\/\/aubertin.fr\/wp-content\/uploads\/2025\/06\/2025-06-18-CIBC-RS.jpeg 1080w\" sizes=\"auto, (max-width: 1024px) 100vw, 1024px\" \/><\/figure>\n\n\n\n<figure class=\"wp-block-image size-large\"><img loading=\"lazy\" decoding=\"async\" width=\"1024\" height=\"1024\" src=\"http:\/\/aubertin.fr\/wp-content\/uploads\/2025\/06\/2025-06-19-CONTROLEUR-RS-1024x1024.jpeg\" alt=\"\" class=\"wp-image-3492\" srcset=\"https:\/\/aubertin.fr\/wp-content\/uploads\/2025\/06\/2025-06-19-CONTROLEUR-RS-1024x1024.jpeg 1024w, https:\/\/aubertin.fr\/wp-content\/uploads\/2025\/06\/2025-06-19-CONTROLEUR-RS-300x300.jpeg 300w, https:\/\/aubertin.fr\/wp-content\/uploads\/2025\/06\/2025-06-19-CONTROLEUR-RS-150x150.jpeg 150w, https:\/\/aubertin.fr\/wp-content\/uploads\/2025\/06\/2025-06-19-CONTROLEUR-RS-768x768.jpeg 768w, https:\/\/aubertin.fr\/wp-content\/uploads\/2025\/06\/2025-06-19-CONTROLEUR-RS-555x555.jpeg 555w, https:\/\/aubertin.fr\/wp-content\/uploads\/2025\/06\/2025-06-19-CONTROLEUR-RS.jpeg 1080w\" sizes=\"auto, (max-width: 1024px) 100vw, 1024px\" \/><\/figure>\n","protected":false},"excerpt":{"rendered":"<p>L&rsquo;ERIP&nbsp;du B\u00e9arn&nbsp;(Espace R\u00e9gional d&rsquo;Information de Proximit\u00e9)&nbsp;organise de nombreux&nbsp;\u00e9v\u00e9nements&nbsp;(ouverts \u00e0 tout public sans condition d&rsquo;\u00e2ge) qui permettent de faire d\u00e9couvrir des formations, des m\u00e9tiers et de postuler \u00e0 des offres en rencontrant directement des recruteurs. Nous vous invitons \u00e0 noter les dates de nos prochaines actions et \u00e0 les partager pour les faire conna\u00eetre au grand &hellip; <\/p>\n<p><a class=\"more-link btn\" href=\"https:\/\/aubertin.fr\/index.php\/2025\/06\/13\/juin-evenements-erip-du-bearn\/\">Lire la suite<\/a><\/p>\n","protected":false},"author":3,"featured_media":3491,"comment_status":"closed","ping_status":"closed","sticky":false,"template":"","format":"standard","meta":{"footnotes":""},"categories":[1],"tags":[],"class_list":["post-3493","post","type-post","status-publish","format-standard","has-post-thumbnail","hentry","category-non-classe","item-wrap"],"_links":{"self":[{"href":"https:\/\/aubertin.fr\/index.php\/wp-json\/wp\/v2\/posts\/3493","targetHints":{"allow":["GET"]}}],"collection":[{"href":"https:\/\/aubertin.fr\/index.php\/wp-json\/wp\/v2\/posts"}],"about":[{"href":"https:\/\/aubertin.fr\/index.php\/wp-json\/wp\/v2\/types\/post"}],"author":[{"embeddable":true,"href":"https:\/\/aubertin.fr\/index.php\/wp-json\/wp\/v2\/users\/3"}],"replies":[{"embeddable":true,"href":"https:\/\/aubertin.fr\/index.php\/wp-json\/wp\/v2\/comments?post=3493"}],"version-history":[{"count":1,"href":"https:\/\/aubertin.fr\/index.php\/wp-json\/wp\/v2\/posts\/3493\/revisions"}],"predecessor-version":[{"id":3494,"href":"https:\/\/aubertin.fr\/index.php\/wp-json\/wp\/v2\/posts\/3493\/revisions\/3494"}],"wp:featuredmedia":[{"embeddable":true,"href":"https:\/\/aubertin.fr\/index.php\/wp-json\/wp\/v2\/media\/3491"}],"wp:attachment":[{"href":"https:\/\/aubertin.fr\/index.php\/wp-json\/wp\/v2\/media?parent=3493"}],"wp:term":[{"taxonomy":"category","embeddable":true,"href":"https:\/\/aubertin.fr\/index.php\/wp-json\/wp\/v2\/categories?post=3493"},{"taxonomy":"post_tag","embeddable":true,"href":"https:\/\/aubertin.fr\/index.php\/wp-json\/wp\/v2\/tags?post=3493"}],"curies":[{"name":"wp","href":"https:\/\/api.w.org\/{rel}","templated":true}]}}