{"id":3531,"date":"2025-06-19T22:26:00","date_gmt":"2025-06-19T20:26:00","guid":{"rendered":"https:\/\/aubertin.fr\/?p=3531"},"modified":"2025-06-19T20:31:40","modified_gmt":"2025-06-19T18:31:40","slug":"tour-feminin-des-pyrenees","status":"publish","type":"post","link":"https:\/\/aubertin.fr\/index.php\/2025\/06\/19\/tour-feminin-des-pyrenees\/","title":{"rendered":"Tour f\u00e9minin des Pyr\u00e9n\u00e9es"},"content":{"rendered":"\n<p>La quatri\u00e8me \u00e9dition du tour f\u00e9minin des Pyr\u00e9n\u00e9es est pass\u00e9e par Aubertin ce dimanche 15 juin 2025.<\/p>\n\n\n\n<p>Quelques fans du v\u00e9lo, toutes g\u00e9n\u00e9rations confondues se sont retrouv\u00e9s de fa\u00e7on impromptue Place du Biriatou pour encourager&nbsp;par leurs cris et applaudissements&nbsp;les cyclistes.<\/p>\n\n\n\n<p>Les d\u00e9nivel\u00e9s propos\u00e9s depuis le d\u00e9part ont entrain\u00e9 des \u00e9carts de plus de 30 minutes entre les premi\u00e8res concurrentes et les derni\u00e8res.<\/p>\n\n\n\n<p>Que du bonheur pour les spectateurs juniors&nbsp;qui ont pu r\u00e9cup\u00e9rer quelques gourdes en souvenir.<\/p>\n\n\n\n<p>Merci \u00e0 tous les b\u00e9n\u00e9voles d\u2019avoir bien s\u00e9curis\u00e9 la travers\u00e9e du village.<\/p>\n\n\n\n<p>Si les organisateurs le d\u00e9sirent, rendez-vous est pris pour 2026.<\/p>\n\n\n\n<div class=\"alignnormal\"><div id=\"metaslider-id-3537\" style=\"width: 100%;\" class=\"ml-slider-3-106-0 metaslider metaslider-flex metaslider-3537 ml-slider has-dots-nav ms-theme-default\" role=\"region\" aria-label=\"Tour f\u00e9minin\" data-height=\"1500\" data-width=\"2000\">\n    <div id=\"metaslider_container_3537\">\n        <div id=\"metaslider_3537\">\n            <ul class='slides'>\n                <li style=\"display: block; width: 100%;\" class=\"slide-3538 ms-image \" aria-roledescription=\"slide\" data-date=\"2025-06-19 20:29:26\" data-filename=\"6964211641795558296-1599x1199.jpeg\" data-slide-type=\"image\"><img loading=\"lazy\" decoding=\"async\" src=\"https:\/\/aubertin.fr\/wp-content\/uploads\/2025\/06\/6964211641795558296-1599x1199.jpeg\" height=\"1500\" width=\"2000\" alt=\"\" class=\"slider-3537 slide-3538 msDefaultImage\" title=\"6964211641795558296\" \/><\/li>\n                <li style=\"display: none; width: 100%;\" class=\"slide-3539 ms-image \" aria-roledescription=\"slide\" data-date=\"2025-06-19 20:29:35\" data-filename=\"583789901329757088-1599x1199.jpeg\" data-slide-type=\"image\"><img loading=\"lazy\" decoding=\"async\" src=\"https:\/\/aubertin.fr\/wp-content\/uploads\/2025\/06\/583789901329757088-1599x1199.jpeg\" height=\"1500\" width=\"2000\" alt=\"\" class=\"slider-3537 slide-3539 msDefaultImage\" title=\"583789901329757088\" \/><\/li>\n                <li style=\"display: none; width: 100%;\" class=\"slide-3540 ms-image \" aria-roledescription=\"slide\" data-date=\"2025-06-19 20:29:49\" data-filename=\"4941612730660168936-1128x846.jpeg\" data-slide-type=\"image\"><img loading=\"lazy\" decoding=\"async\" src=\"https:\/\/aubertin.fr\/wp-content\/uploads\/2025\/06\/4941612730660168936-1128x846.jpeg\" height=\"1500\" width=\"2000\" alt=\"\" class=\"slider-3537 slide-3540 msDefaultImage\" title=\"4941612730660168936\" \/><\/li>\n                <li style=\"display: none; width: 100%;\" class=\"slide-3541 ms-image \" aria-roledescription=\"slide\" data-date=\"2025-06-19 20:30:00\" data-filename=\"6964211641795558296-1599x1199.jpeg\" data-slide-type=\"image\"><img loading=\"lazy\" decoding=\"async\" src=\"https:\/\/aubertin.fr\/wp-content\/uploads\/2025\/06\/6964211641795558296-1599x1199.jpeg\" height=\"1500\" width=\"2000\" alt=\"\" class=\"slider-3537 slide-3541 msDefaultImage\" title=\"6964211641795558296\" \/><\/li>\n            <\/ul>\n        <\/div>\n        \n    <\/div>\n<\/div><\/div>\n","protected":false},"excerpt":{"rendered":"<p>La quatri\u00e8me \u00e9dition du tour f\u00e9minin des Pyr\u00e9n\u00e9es est pass\u00e9e par Aubertin ce dimanche 15 juin 2025. Quelques fans du v\u00e9lo, toutes g\u00e9n\u00e9rations confondues se sont retrouv\u00e9s de fa\u00e7on impromptue Place du Biriatou pour encourager&nbsp;par leurs cris et applaudissements&nbsp;les cyclistes. Les d\u00e9nivel\u00e9s propos\u00e9s depuis le d\u00e9part ont entrain\u00e9 des \u00e9carts de plus de 30 minutes &hellip; <\/p>\n<p><a class=\"more-link btn\" href=\"https:\/\/aubertin.fr\/index.php\/2025\/06\/19\/tour-feminin-des-pyrenees\/\">Lire la suite<\/a><\/p>\n","protected":false},"author":3,"featured_media":3536,"comment_status":"closed","ping_status":"closed","sticky":false,"template":"","format":"standard","meta":{"footnotes":""},"categories":[1],"tags":[],"class_list":["post-3531","post","type-post","status-publish","format-standard","has-post-thumbnail","hentry","category-non-classe","item-wrap"],"_links":{"self":[{"href":"https:\/\/aubertin.fr\/index.php\/wp-json\/wp\/v2\/posts\/3531","targetHints":{"allow":["GET"]}}],"collection":[{"href":"https:\/\/aubertin.fr\/index.php\/wp-json\/wp\/v2\/posts"}],"about":[{"href":"https:\/\/aubertin.fr\/index.php\/wp-json\/wp\/v2\/types\/post"}],"author":[{"embeddable":true,"href":"https:\/\/aubertin.fr\/index.php\/wp-json\/wp\/v2\/users\/3"}],"replies":[{"embeddable":true,"href":"https:\/\/aubertin.fr\/index.php\/wp-json\/wp\/v2\/comments?post=3531"}],"version-history":[{"count":2,"href":"https:\/\/aubertin.fr\/index.php\/wp-json\/wp\/v2\/posts\/3531\/revisions"}],"predecessor-version":[{"id":3542,"href":"https:\/\/aubertin.fr\/index.php\/wp-json\/wp\/v2\/posts\/3531\/revisions\/3542"}],"wp:featuredmedia":[{"embeddable":true,"href":"https:\/\/aubertin.fr\/index.php\/wp-json\/wp\/v2\/media\/3536"}],"wp:attachment":[{"href":"https:\/\/aubertin.fr\/index.php\/wp-json\/wp\/v2\/media?parent=3531"}],"wp:term":[{"taxonomy":"category","embeddable":true,"href":"https:\/\/aubertin.fr\/index.php\/wp-json\/wp\/v2\/categories?post=3531"},{"taxonomy":"post_tag","embeddable":true,"href":"https:\/\/aubertin.fr\/index.php\/wp-json\/wp\/v2\/tags?post=3531"}],"curies":[{"name":"wp","href":"https:\/\/api.w.org\/{rel}","templated":true}]}}