{"id":3551,"date":"2025-06-24T10:59:28","date_gmt":"2025-06-24T08:59:28","guid":{"rendered":"https:\/\/aubertin.fr\/?p=3551"},"modified":"2025-06-24T13:20:55","modified_gmt":"2025-06-24T11:20:55","slug":"annulation-de-la-soiree-du-feu-de-la-saint-jean","status":"publish","type":"post","link":"https:\/\/aubertin.fr\/index.php\/2025\/06\/24\/annulation-de-la-soiree-du-feu-de-la-saint-jean\/","title":{"rendered":"Annulation de la soir\u00e9e du Feu de la Saint Jean"},"content":{"rendered":"\n<p>Ce dimanche, Didier tiret nous a quitt\u00e9 . <\/p>\n\n\n\n<p>Ancien conseiller municipal, il \u00e9tait tr\u00e8s investi au sein de la commune et dans l&rsquo;accompagnement de ces voisins. <\/p>\n\n\n\n<p>Afin de respecter le deuil et la tristesse de tous, nous annulons le feu de la saint Jean.<\/p>\n\n\n\n<figure class=\"wp-block-image size-large\"><img loading=\"lazy\" decoding=\"async\" width=\"724\" height=\"1024\" src=\"http:\/\/aubertin.fr\/wp-content\/uploads\/2025\/06\/FEU-DE-LA-ST-JEAN-27-juin-2025-avec-texte_watermark-2_page-0001-1-724x1024.jpg\" alt=\"\" class=\"wp-image-3553\" srcset=\"https:\/\/aubertin.fr\/wp-content\/uploads\/2025\/06\/FEU-DE-LA-ST-JEAN-27-juin-2025-avec-texte_watermark-2_page-0001-1-724x1024.jpg 724w, https:\/\/aubertin.fr\/wp-content\/uploads\/2025\/06\/FEU-DE-LA-ST-JEAN-27-juin-2025-avec-texte_watermark-2_page-0001-1-212x300.jpg 212w, https:\/\/aubertin.fr\/wp-content\/uploads\/2025\/06\/FEU-DE-LA-ST-JEAN-27-juin-2025-avec-texte_watermark-2_page-0001-1-768x1086.jpg 768w, https:\/\/aubertin.fr\/wp-content\/uploads\/2025\/06\/FEU-DE-LA-ST-JEAN-27-juin-2025-avec-texte_watermark-2_page-0001-1-1086x1536.jpg 1086w, https:\/\/aubertin.fr\/wp-content\/uploads\/2025\/06\/FEU-DE-LA-ST-JEAN-27-juin-2025-avec-texte_watermark-2_page-0001-1-555x785.jpg 555w, https:\/\/aubertin.fr\/wp-content\/uploads\/2025\/06\/FEU-DE-LA-ST-JEAN-27-juin-2025-avec-texte_watermark-2_page-0001-1.jpg 1241w\" sizes=\"auto, (max-width: 724px) 100vw, 724px\" \/><\/figure>\n","protected":false},"excerpt":{"rendered":"<p>Ce dimanche, Didier tiret nous a quitt\u00e9 . Ancien conseiller municipal, il \u00e9tait tr\u00e8s investi au sein de la commune et dans l&rsquo;accompagnement de ces voisins. Afin de respecter le deuil et la tristesse de tous, nous annulons le feu de la saint Jean.<\/p>\n","protected":false},"author":3,"featured_media":3553,"comment_status":"closed","ping_status":"closed","sticky":false,"template":"","format":"standard","meta":{"footnotes":""},"categories":[1],"tags":[],"class_list":["post-3551","post","type-post","status-publish","format-standard","has-post-thumbnail","hentry","category-non-classe","item-wrap"],"_links":{"self":[{"href":"https:\/\/aubertin.fr\/index.php\/wp-json\/wp\/v2\/posts\/3551","targetHints":{"allow":["GET"]}}],"collection":[{"href":"https:\/\/aubertin.fr\/index.php\/wp-json\/wp\/v2\/posts"}],"about":[{"href":"https:\/\/aubertin.fr\/index.php\/wp-json\/wp\/v2\/types\/post"}],"author":[{"embeddable":true,"href":"https:\/\/aubertin.fr\/index.php\/wp-json\/wp\/v2\/users\/3"}],"replies":[{"embeddable":true,"href":"https:\/\/aubertin.fr\/index.php\/wp-json\/wp\/v2\/comments?post=3551"}],"version-history":[{"count":3,"href":"https:\/\/aubertin.fr\/index.php\/wp-json\/wp\/v2\/posts\/3551\/revisions"}],"predecessor-version":[{"id":3555,"href":"https:\/\/aubertin.fr\/index.php\/wp-json\/wp\/v2\/posts\/3551\/revisions\/3555"}],"wp:featuredmedia":[{"embeddable":true,"href":"https:\/\/aubertin.fr\/index.php\/wp-json\/wp\/v2\/media\/3553"}],"wp:attachment":[{"href":"https:\/\/aubertin.fr\/index.php\/wp-json\/wp\/v2\/media?parent=3551"}],"wp:term":[{"taxonomy":"category","embeddable":true,"href":"https:\/\/aubertin.fr\/index.php\/wp-json\/wp\/v2\/categories?post=3551"},{"taxonomy":"post_tag","embeddable":true,"href":"https:\/\/aubertin.fr\/index.php\/wp-json\/wp\/v2\/tags?post=3551"}],"curies":[{"name":"wp","href":"https:\/\/api.w.org\/{rel}","templated":true}]}}