{"id":3557,"date":"2025-06-25T08:56:40","date_gmt":"2025-06-25T06:56:40","guid":{"rendered":"https:\/\/aubertin.fr\/?p=3557"},"modified":"2025-06-25T08:56:41","modified_gmt":"2025-06-25T06:56:41","slug":"deces-de-m-didier-tiret-candele","status":"publish","type":"post","link":"https:\/\/aubertin.fr\/index.php\/2025\/06\/25\/deces-de-m-didier-tiret-candele\/","title":{"rendered":"D\u00e9c\u00e8s de M. Didier Tiret Candel\u00e9"},"content":{"rendered":"\n<p>C&rsquo;est avec une profonde tristesse que nous vous annon\u00e7ons le d\u00e9c\u00e8s de Monsieur Didier Tiret-Candel\u00e9, survenu dimanche 22 juin.<\/p>\n\n\n\n<p>Les obs\u00e8ques auront lieu le vendredi 27 juin \u00e0 15h \u00e0 l&rsquo;\u00e9glise d&rsquo;Aubertin.<\/p>\n\n\n\n<p>Pendant de nombreuses ann\u00e9es, Didier Tiret-Candel\u00e9 a \u00e9t\u00e9 conseiller municipal de notre commune et tr\u00e8s actif au sein de la vie locale, il a \u0153uvr\u00e9 avec d\u00e9vouement.<\/p>\n\n\n\n<p>Martine Rodriguez, maire de la commune et le conseil municipal s&rsquo;associent \u00e0 la peine de la famille et de ses proches et leur pr\u00e9sentent leurs plus sinc\u00e8res condol\u00e9ances.<\/p>\n","protected":false},"excerpt":{"rendered":"<p>C&rsquo;est avec une profonde tristesse que nous vous annon\u00e7ons le d\u00e9c\u00e8s de Monsieur Didier Tiret-Candel\u00e9, survenu dimanche 22 juin. Les obs\u00e8ques auront lieu le vendredi 27 juin \u00e0 15h \u00e0 l&rsquo;\u00e9glise d&rsquo;Aubertin. Pendant de nombreuses ann\u00e9es, Didier Tiret-Candel\u00e9 a \u00e9t\u00e9 conseiller municipal de notre commune et tr\u00e8s actif au sein de la vie locale, il &hellip; <\/p>\n<p><a class=\"more-link btn\" href=\"https:\/\/aubertin.fr\/index.php\/2025\/06\/25\/deces-de-m-didier-tiret-candele\/\">Lire la suite<\/a><\/p>\n","protected":false},"author":3,"featured_media":3556,"comment_status":"closed","ping_status":"closed","sticky":false,"template":"","format":"standard","meta":{"footnotes":""},"categories":[1],"tags":[],"class_list":["post-3557","post","type-post","status-publish","format-standard","has-post-thumbnail","hentry","category-non-classe","item-wrap"],"_links":{"self":[{"href":"https:\/\/aubertin.fr\/index.php\/wp-json\/wp\/v2\/posts\/3557","targetHints":{"allow":["GET"]}}],"collection":[{"href":"https:\/\/aubertin.fr\/index.php\/wp-json\/wp\/v2\/posts"}],"about":[{"href":"https:\/\/aubertin.fr\/index.php\/wp-json\/wp\/v2\/types\/post"}],"author":[{"embeddable":true,"href":"https:\/\/aubertin.fr\/index.php\/wp-json\/wp\/v2\/users\/3"}],"replies":[{"embeddable":true,"href":"https:\/\/aubertin.fr\/index.php\/wp-json\/wp\/v2\/comments?post=3557"}],"version-history":[{"count":1,"href":"https:\/\/aubertin.fr\/index.php\/wp-json\/wp\/v2\/posts\/3557\/revisions"}],"predecessor-version":[{"id":3558,"href":"https:\/\/aubertin.fr\/index.php\/wp-json\/wp\/v2\/posts\/3557\/revisions\/3558"}],"wp:featuredmedia":[{"embeddable":true,"href":"https:\/\/aubertin.fr\/index.php\/wp-json\/wp\/v2\/media\/3556"}],"wp:attachment":[{"href":"https:\/\/aubertin.fr\/index.php\/wp-json\/wp\/v2\/media?parent=3557"}],"wp:term":[{"taxonomy":"category","embeddable":true,"href":"https:\/\/aubertin.fr\/index.php\/wp-json\/wp\/v2\/categories?post=3557"},{"taxonomy":"post_tag","embeddable":true,"href":"https:\/\/aubertin.fr\/index.php\/wp-json\/wp\/v2\/tags?post=3557"}],"curies":[{"name":"wp","href":"https:\/\/api.w.org\/{rel}","templated":true}]}}