{"id":3595,"date":"2025-07-08T12:06:50","date_gmt":"2025-07-08T10:06:50","guid":{"rendered":"https:\/\/aubertin.fr\/?p=3595"},"modified":"2025-07-08T12:06:50","modified_gmt":"2025-07-08T10:06:50","slug":"tournoi-de-pelote","status":"publish","type":"post","link":"https:\/\/aubertin.fr\/index.php\/2025\/07\/08\/tournoi-de-pelote\/","title":{"rendered":"Tournoi de pelote"},"content":{"rendered":"\n<p>Le comit\u00e9 des f\u00eates est fier d&rsquo;organiser le tout premier tournoi de pelote du village ! du 7 juillet au 23 aout.<\/p>\n\n\n\n<p>Un \u00e9v\u00e8nement convivial, sportif et ouvert \u00e0 tous, pour faire vibrer le fronton chaque soir de la semaine de 18h \u00e0 21h.<\/p>\n\n\n\n<p>Les joueurs sont pr\u00eats, les \u00e9quipes motiv\u00e9es : il ne manque plus que vous pour mettre l&rsquo;ambiance en tant que spectateurs.<\/p>\n\n\n\n<p>Venez nombreux encourager les joueurs et partager ce moment festif. <\/p>\n","protected":false},"excerpt":{"rendered":"<p>Le comit\u00e9 des f\u00eates est fier d&rsquo;organiser le tout premier tournoi de pelote du village ! du 7 juillet au 23 aout. Un \u00e9v\u00e8nement convivial, sportif et ouvert \u00e0 tous, pour faire vibrer le fronton chaque soir de la semaine de 18h \u00e0 21h. Les joueurs sont pr\u00eats, les \u00e9quipes motiv\u00e9es : il ne manque &hellip; <\/p>\n<p><a class=\"more-link btn\" href=\"https:\/\/aubertin.fr\/index.php\/2025\/07\/08\/tournoi-de-pelote\/\">Lire la suite<\/a><\/p>\n","protected":false},"author":3,"featured_media":3594,"comment_status":"closed","ping_status":"closed","sticky":false,"template":"","format":"standard","meta":{"footnotes":""},"categories":[1],"tags":[],"class_list":["post-3595","post","type-post","status-publish","format-standard","has-post-thumbnail","hentry","category-non-classe","item-wrap"],"_links":{"self":[{"href":"https:\/\/aubertin.fr\/index.php\/wp-json\/wp\/v2\/posts\/3595","targetHints":{"allow":["GET"]}}],"collection":[{"href":"https:\/\/aubertin.fr\/index.php\/wp-json\/wp\/v2\/posts"}],"about":[{"href":"https:\/\/aubertin.fr\/index.php\/wp-json\/wp\/v2\/types\/post"}],"author":[{"embeddable":true,"href":"https:\/\/aubertin.fr\/index.php\/wp-json\/wp\/v2\/users\/3"}],"replies":[{"embeddable":true,"href":"https:\/\/aubertin.fr\/index.php\/wp-json\/wp\/v2\/comments?post=3595"}],"version-history":[{"count":1,"href":"https:\/\/aubertin.fr\/index.php\/wp-json\/wp\/v2\/posts\/3595\/revisions"}],"predecessor-version":[{"id":3596,"href":"https:\/\/aubertin.fr\/index.php\/wp-json\/wp\/v2\/posts\/3595\/revisions\/3596"}],"wp:featuredmedia":[{"embeddable":true,"href":"https:\/\/aubertin.fr\/index.php\/wp-json\/wp\/v2\/media\/3594"}],"wp:attachment":[{"href":"https:\/\/aubertin.fr\/index.php\/wp-json\/wp\/v2\/media?parent=3595"}],"wp:term":[{"taxonomy":"category","embeddable":true,"href":"https:\/\/aubertin.fr\/index.php\/wp-json\/wp\/v2\/categories?post=3595"},{"taxonomy":"post_tag","embeddable":true,"href":"https:\/\/aubertin.fr\/index.php\/wp-json\/wp\/v2\/tags?post=3595"}],"curies":[{"name":"wp","href":"https:\/\/api.w.org\/{rel}","templated":true}]}}