{"id":3609,"date":"2025-07-08T12:19:11","date_gmt":"2025-07-08T10:19:11","guid":{"rendered":"https:\/\/aubertin.fr\/?p=3609"},"modified":"2025-07-08T12:19:11","modified_gmt":"2025-07-08T10:19:11","slug":"fermeture-du-secretariat-de-mairie-7","status":"publish","type":"post","link":"https:\/\/aubertin.fr\/index.php\/2025\/07\/08\/fermeture-du-secretariat-de-mairie-7\/","title":{"rendered":"Fermeture du secr\u00e9tariat de mairie"},"content":{"rendered":"\n<p>La mairie d&rsquo;AUBERTIN sera ferm\u00e9 du<br>Lundi 21 juillet 2025 au vendredi 01er aout 2025 inclus ;<br>R\u00e9ouverture le lundi 4 aout 2025.<br>N\u00b0 \u00e0 joindre e n cas d&rsquo;urgence :<br>Martine RODRIGUEZ, Maire : 06.22.36.11.26<br>Sandrine BERSANS, f\u00e8re adjointe : 07.67.26.96.75<br>Sandrine HOURS, 2\u00e8me adjointe : 06.16.13.80.04<br>J\u00e9r\u00f4me SANCHEZ, 3\u00e8me adjoint : 06.22.94.76.05<\/p>\n","protected":false},"excerpt":{"rendered":"<p>La mairie d&rsquo;AUBERTIN sera ferm\u00e9 duLundi 21 juillet 2025 au vendredi 01er aout 2025 inclus ;R\u00e9ouverture le lundi 4 aout 2025.N\u00b0 \u00e0 joindre e n cas d&rsquo;urgence :Martine RODRIGUEZ, Maire : 06.22.36.11.26Sandrine BERSANS, f\u00e8re adjointe : 07.67.26.96.75Sandrine HOURS, 2\u00e8me adjointe : 06.16.13.80.04J\u00e9r\u00f4me SANCHEZ, 3\u00e8me adjoint : 06.22.94.76.05<\/p>\n","protected":false},"author":3,"featured_media":796,"comment_status":"closed","ping_status":"closed","sticky":false,"template":"","format":"standard","meta":{"footnotes":""},"categories":[1],"tags":[],"class_list":["post-3609","post","type-post","status-publish","format-standard","has-post-thumbnail","hentry","category-non-classe","item-wrap"],"_links":{"self":[{"href":"https:\/\/aubertin.fr\/index.php\/wp-json\/wp\/v2\/posts\/3609","targetHints":{"allow":["GET"]}}],"collection":[{"href":"https:\/\/aubertin.fr\/index.php\/wp-json\/wp\/v2\/posts"}],"about":[{"href":"https:\/\/aubertin.fr\/index.php\/wp-json\/wp\/v2\/types\/post"}],"author":[{"embeddable":true,"href":"https:\/\/aubertin.fr\/index.php\/wp-json\/wp\/v2\/users\/3"}],"replies":[{"embeddable":true,"href":"https:\/\/aubertin.fr\/index.php\/wp-json\/wp\/v2\/comments?post=3609"}],"version-history":[{"count":1,"href":"https:\/\/aubertin.fr\/index.php\/wp-json\/wp\/v2\/posts\/3609\/revisions"}],"predecessor-version":[{"id":3610,"href":"https:\/\/aubertin.fr\/index.php\/wp-json\/wp\/v2\/posts\/3609\/revisions\/3610"}],"wp:featuredmedia":[{"embeddable":true,"href":"https:\/\/aubertin.fr\/index.php\/wp-json\/wp\/v2\/media\/796"}],"wp:attachment":[{"href":"https:\/\/aubertin.fr\/index.php\/wp-json\/wp\/v2\/media?parent=3609"}],"wp:term":[{"taxonomy":"category","embeddable":true,"href":"https:\/\/aubertin.fr\/index.php\/wp-json\/wp\/v2\/categories?post=3609"},{"taxonomy":"post_tag","embeddable":true,"href":"https:\/\/aubertin.fr\/index.php\/wp-json\/wp\/v2\/tags?post=3609"}],"curies":[{"name":"wp","href":"https:\/\/api.w.org\/{rel}","templated":true}]}}