{"id":3687,"date":"2025-08-14T10:03:28","date_gmt":"2025-08-14T08:03:28","guid":{"rendered":"https:\/\/aubertin.fr\/?p=3687"},"modified":"2025-08-14T10:04:13","modified_gmt":"2025-08-14T08:04:13","slug":"3687","status":"publish","type":"post","link":"https:\/\/aubertin.fr\/index.php\/2025\/08\/14\/3687\/","title":{"rendered":"R\u00e9sultat de quart de finale"},"content":{"rendered":"\n<p>\ud83c\udfc6 R\u00e9sultats des quarts de finale \u2013 Pelote Basque \u00e0 Aubertin \ud83c\udfaf match de 20h.<\/p>\n\n\n\n<p>La tension \u00e9tait au rendez-vous sur le fronton d\u2019Aubertin ! Voici les r\u00e9sultats de cette \u00e9tape d\u00e9cisive :<\/p>\n\n\n\n<p>2\u00e8me s\u00e9rie<\/p>\n\n\n\n<p>\ud83c\udfc6 R\u00e9sultats des quarts de finale \u2013 Pelote Basque \u00e0 Aubertin \ud83c\udfaf Match de 19h<\/p>\n\n\n\n<p>La tension \u00e9tait au rendez-vous sur le fronton d\u2019Aubertin ! Voici les r\u00e9sultats de cette \u00e9tape d\u00e9cisive :<\/p>\n\n\n\n<p><br>2\u00e8me s\u00e9rie<br>\u2022 Francisco &#8211; Cazale \ud83c\udd9a Callod &#8211; Bousquet\u2192 Vainqueur Callod &#8211; Bousquet<\/p>\n\n\n\n<ul class=\"wp-block-list\">\n<li>Cazal\u00e9- Carrere \ud83c\udd9a Saint-Cricq &#8211; Maleig (Domecq) \u2192 Vainqueur Cazalet &#8211; Carrere<\/li>\n<\/ul>\n\n\n\n<p>\ud83d\udc4f Bravo \u00e0 toutes les \u00e9quipes pour leur engagement et leur combativit\u00e9 !<\/p>\n\n\n\n<figure class=\"wp-block-video\"><video height=\"1080\" style=\"aspect-ratio: 1920 \/ 1080;\" width=\"1920\" controls src=\"http:\/\/aubertin.fr\/wp-content\/uploads\/2025\/08\/copy_9634B676-55BA-4584-986A-572463B7CB16.mov\"><\/video><\/figure>\n\n\n\n<figure class=\"wp-block-video\"><video height=\"1080\" style=\"aspect-ratio: 1920 \/ 1080;\" width=\"1920\" controls src=\"http:\/\/aubertin.fr\/wp-content\/uploads\/2025\/08\/copy_0EFABF51-E136-4165-A85C-03C15A61B145.mov\"><\/video><\/figure>\n\n\n\n<figure class=\"wp-block-video\"><\/figure>\n","protected":false},"excerpt":{"rendered":"<p>\ud83c\udfc6 R\u00e9sultats des quarts de finale \u2013 Pelote Basque \u00e0 Aubertin \ud83c\udfaf match de 20h. La tension \u00e9tait au rendez-vous sur le fronton d\u2019Aubertin ! Voici les r\u00e9sultats de cette \u00e9tape d\u00e9cisive : 2\u00e8me s\u00e9rie \ud83c\udfc6 R\u00e9sultats des quarts de finale \u2013 Pelote Basque \u00e0 Aubertin \ud83c\udfaf Match de 19h La tension \u00e9tait au rendez-vous &hellip; <\/p>\n<p><a class=\"more-link btn\" href=\"https:\/\/aubertin.fr\/index.php\/2025\/08\/14\/3687\/\">Lire la suite<\/a><\/p>\n","protected":false},"author":3,"featured_media":3690,"comment_status":"closed","ping_status":"closed","sticky":false,"template":"","format":"standard","meta":{"footnotes":""},"categories":[1],"tags":[],"class_list":["post-3687","post","type-post","status-publish","format-standard","has-post-thumbnail","hentry","category-non-classe","item-wrap"],"_links":{"self":[{"href":"https:\/\/aubertin.fr\/index.php\/wp-json\/wp\/v2\/posts\/3687","targetHints":{"allow":["GET"]}}],"collection":[{"href":"https:\/\/aubertin.fr\/index.php\/wp-json\/wp\/v2\/posts"}],"about":[{"href":"https:\/\/aubertin.fr\/index.php\/wp-json\/wp\/v2\/types\/post"}],"author":[{"embeddable":true,"href":"https:\/\/aubertin.fr\/index.php\/wp-json\/wp\/v2\/users\/3"}],"replies":[{"embeddable":true,"href":"https:\/\/aubertin.fr\/index.php\/wp-json\/wp\/v2\/comments?post=3687"}],"version-history":[{"count":2,"href":"https:\/\/aubertin.fr\/index.php\/wp-json\/wp\/v2\/posts\/3687\/revisions"}],"predecessor-version":[{"id":3692,"href":"https:\/\/aubertin.fr\/index.php\/wp-json\/wp\/v2\/posts\/3687\/revisions\/3692"}],"wp:featuredmedia":[{"embeddable":true,"href":"https:\/\/aubertin.fr\/index.php\/wp-json\/wp\/v2\/media\/3690"}],"wp:attachment":[{"href":"https:\/\/aubertin.fr\/index.php\/wp-json\/wp\/v2\/media?parent=3687"}],"wp:term":[{"taxonomy":"category","embeddable":true,"href":"https:\/\/aubertin.fr\/index.php\/wp-json\/wp\/v2\/categories?post=3687"},{"taxonomy":"post_tag","embeddable":true,"href":"https:\/\/aubertin.fr\/index.php\/wp-json\/wp\/v2\/tags?post=3687"}],"curies":[{"name":"wp","href":"https:\/\/api.w.org\/{rel}","templated":true}]}}