{"id":3693,"date":"2025-08-15T13:28:42","date_gmt":"2025-08-15T11:28:42","guid":{"rendered":"https:\/\/aubertin.fr\/?p=3693"},"modified":"2025-08-15T13:28:43","modified_gmt":"2025-08-15T11:28:43","slug":"alerte-canicule-niveau-de-vigilance-orange","status":"publish","type":"post","link":"https:\/\/aubertin.fr\/index.php\/2025\/08\/15\/alerte-canicule-niveau-de-vigilance-orange\/","title":{"rendered":"Alerte canicule \u2013 Niveau de vigilance : ORANGE"},"content":{"rendered":"\n<p>M\u00e9t\u00e9o-France place le d\u00e9partement des Pyr\u00e9n\u00e9es-Atlantiques en vigilance ORANGE canicule<br>La pr\u00e9fecture appelle chacun \u00e0 la vigilance et rappelle les gestes essentiels pour se prot\u00e9ger :<\/p>\n\n\n\n<p>Prenez des nouvelles de vos proches, en particulier des personnes \u00e2g\u00e9es, fragiles ou isol\u00e9es.<\/p>\n\n\n\n<p>Buvez de l\u2019eau r\u00e9guli\u00e8rement, m\u00eame sans soif.<\/p>\n\n\n\n<p>Rafra\u00eechissez-vous et mouillez-vous le corps plusieurs fois par jour.<\/p>\n\n\n\n<p>\u00c9vitez les efforts physiques intenses aux heures les plus chaudes.<\/p>\n\n\n\n<p>Maintenez votre logement frais (fermez les volets le jour, a\u00e9rez la nuit).<\/p>\n\n\n\n<figure class=\"wp-block-image size-large\"><img loading=\"lazy\" decoding=\"async\" width=\"724\" height=\"1024\" src=\"http:\/\/aubertin.fr\/wp-content\/uploads\/2025\/08\/IMG_1463-724x1024.jpeg\" alt=\"\" class=\"wp-image-3694\" srcset=\"https:\/\/aubertin.fr\/wp-content\/uploads\/2025\/08\/IMG_1463-724x1024.jpeg 724w, https:\/\/aubertin.fr\/wp-content\/uploads\/2025\/08\/IMG_1463-212x300.jpeg 212w, https:\/\/aubertin.fr\/wp-content\/uploads\/2025\/08\/IMG_1463-768x1086.jpeg 768w, https:\/\/aubertin.fr\/wp-content\/uploads\/2025\/08\/IMG_1463-1086x1536.jpeg 1086w, https:\/\/aubertin.fr\/wp-content\/uploads\/2025\/08\/IMG_1463-555x785.jpeg 555w, https:\/\/aubertin.fr\/wp-content\/uploads\/2025\/08\/IMG_1463.jpeg 1240w\" sizes=\"auto, (max-width: 724px) 100vw, 724px\" \/><\/figure>\n","protected":false},"excerpt":{"rendered":"<p>M\u00e9t\u00e9o-France place le d\u00e9partement des Pyr\u00e9n\u00e9es-Atlantiques en vigilance ORANGE caniculeLa pr\u00e9fecture appelle chacun \u00e0 la vigilance et rappelle les gestes essentiels pour se prot\u00e9ger : Prenez des nouvelles de vos proches, en particulier des personnes \u00e2g\u00e9es, fragiles ou isol\u00e9es. Buvez de l\u2019eau r\u00e9guli\u00e8rement, m\u00eame sans soif. Rafra\u00eechissez-vous et mouillez-vous le corps plusieurs fois par jour. &hellip; <\/p>\n<p><a class=\"more-link btn\" href=\"https:\/\/aubertin.fr\/index.php\/2025\/08\/15\/alerte-canicule-niveau-de-vigilance-orange\/\">Lire la suite<\/a><\/p>\n","protected":false},"author":3,"featured_media":387,"comment_status":"closed","ping_status":"closed","sticky":false,"template":"","format":"standard","meta":{"footnotes":""},"categories":[1],"tags":[],"class_list":["post-3693","post","type-post","status-publish","format-standard","has-post-thumbnail","hentry","category-non-classe","item-wrap"],"_links":{"self":[{"href":"https:\/\/aubertin.fr\/index.php\/wp-json\/wp\/v2\/posts\/3693","targetHints":{"allow":["GET"]}}],"collection":[{"href":"https:\/\/aubertin.fr\/index.php\/wp-json\/wp\/v2\/posts"}],"about":[{"href":"https:\/\/aubertin.fr\/index.php\/wp-json\/wp\/v2\/types\/post"}],"author":[{"embeddable":true,"href":"https:\/\/aubertin.fr\/index.php\/wp-json\/wp\/v2\/users\/3"}],"replies":[{"embeddable":true,"href":"https:\/\/aubertin.fr\/index.php\/wp-json\/wp\/v2\/comments?post=3693"}],"version-history":[{"count":1,"href":"https:\/\/aubertin.fr\/index.php\/wp-json\/wp\/v2\/posts\/3693\/revisions"}],"predecessor-version":[{"id":3695,"href":"https:\/\/aubertin.fr\/index.php\/wp-json\/wp\/v2\/posts\/3693\/revisions\/3695"}],"wp:featuredmedia":[{"embeddable":true,"href":"https:\/\/aubertin.fr\/index.php\/wp-json\/wp\/v2\/media\/387"}],"wp:attachment":[{"href":"https:\/\/aubertin.fr\/index.php\/wp-json\/wp\/v2\/media?parent=3693"}],"wp:term":[{"taxonomy":"category","embeddable":true,"href":"https:\/\/aubertin.fr\/index.php\/wp-json\/wp\/v2\/categories?post=3693"},{"taxonomy":"post_tag","embeddable":true,"href":"https:\/\/aubertin.fr\/index.php\/wp-json\/wp\/v2\/tags?post=3693"}],"curies":[{"name":"wp","href":"https:\/\/api.w.org\/{rel}","templated":true}]}}