{"id":3845,"date":"2025-08-31T08:49:48","date_gmt":"2025-08-31T06:49:48","guid":{"rendered":"https:\/\/aubertin.fr\/?p=3845"},"modified":"2025-09-01T07:22:35","modified_gmt":"2025-09-01T05:22:35","slug":"3845","status":"publish","type":"post","link":"https:\/\/aubertin.fr\/index.php\/2025\/08\/31\/3845\/","title":{"rendered":"Le repas fait le plein"},"content":{"rendered":"\n<p>Hier soir, notre commune a v\u00e9cu un moment inoubliable !<br>Plus de 300 convives ont partag\u00e9 un grand repas pr\u00e9par\u00e9 avec les produits de la ferme, Cazaubon \ud83e\udd69 et servi par le comit\u00e9 des f\u00eates <br>La soir\u00e9e s\u2019est poursuivie par un magnifique feu d\u2019artifice  avant de se bouger sur la piste de danse.<br>Un grand merci \u00e0 toutes et tous pour votre pr\u00e9sence, ainsi qu\u2019\u00e0 la ferme Cazaubon et au comit\u00e9 des f\u00eates pour leur engagement.<\/p>\n\n\n\n<div class=\"alignnormal\"><div id=\"metaslider-id-3839\" style=\"width: 100%;\" class=\"ml-slider-3-106-0 metaslider metaslider-flex metaslider-3839 ml-slider has-dots-nav ms-theme-default\" role=\"region\" aria-label=\"F\u00eates 2025\" data-height=\"1500\" data-width=\"2000\">\n    <div id=\"metaslider_container_3839\">\n        <div id=\"metaslider_3839\">\n            <ul class='slides'>\n                <li style=\"display: block; width: 100%;\" class=\"slide-3840 ms-image \" aria-roledescription=\"slide\" data-date=\"2025-08-31 08:48:33\" data-filename=\"IMG_1840-scaled-2000x1500.jpeg\" data-slide-type=\"image\"><img loading=\"lazy\" decoding=\"async\" src=\"https:\/\/aubertin.fr\/wp-content\/uploads\/2025\/08\/IMG_1840-scaled-2000x1500.jpeg\" height=\"1500\" width=\"2000\" alt=\"\" class=\"slider-3839 slide-3840 msDefaultImage\" title=\"IMG_1840\" \/><\/li>\n                <li style=\"display: none; width: 100%;\" class=\"slide-3841 ms-image \" aria-roledescription=\"slide\" data-date=\"2025-08-31 08:48:33\" data-filename=\"IMG_1841-scaled-2000x1500.jpeg\" data-slide-type=\"image\"><img loading=\"lazy\" decoding=\"async\" src=\"https:\/\/aubertin.fr\/wp-content\/uploads\/2025\/08\/IMG_1841-scaled-2000x1500.jpeg\" height=\"1500\" width=\"2000\" alt=\"\" class=\"slider-3839 slide-3841 msDefaultImage\" title=\"IMG_1841\" \/><\/li>\n                <li style=\"display: none; width: 100%;\" class=\"slide-3842 ms-image \" aria-roledescription=\"slide\" data-date=\"2025-08-31 08:48:33\" data-filename=\"IMG_1845-scaled-2000x1500.jpeg\" data-slide-type=\"image\"><img loading=\"lazy\" decoding=\"async\" src=\"https:\/\/aubertin.fr\/wp-content\/uploads\/2025\/08\/IMG_1845-scaled-2000x1500.jpeg\" height=\"1500\" width=\"2000\" alt=\"\" class=\"slider-3839 slide-3842 msDefaultImage\" title=\"IMG_1845\" \/><\/li>\n                <li style=\"display: none; width: 100%;\" class=\"slide-3843 ms-image \" aria-roledescription=\"slide\" data-date=\"2025-08-31 08:48:33\" data-filename=\"IMG_1848-scaled-2000x1500.jpeg\" data-slide-type=\"image\"><img loading=\"lazy\" decoding=\"async\" src=\"https:\/\/aubertin.fr\/wp-content\/uploads\/2025\/08\/IMG_1848-scaled-2000x1500.jpeg\" height=\"1500\" width=\"2000\" alt=\"\" class=\"slider-3839 slide-3843 msDefaultImage\" title=\"IMG_1848\" \/><\/li>\n                <li style=\"display: none; width: 100%;\" class=\"slide-3844 ms-image \" aria-roledescription=\"slide\" data-date=\"2025-08-31 08:48:33\" data-filename=\"IMG_1849-scaled-2000x1500.jpeg\" data-slide-type=\"image\"><img loading=\"lazy\" decoding=\"async\" src=\"https:\/\/aubertin.fr\/wp-content\/uploads\/2025\/08\/IMG_1849-scaled-2000x1500.jpeg\" height=\"1500\" width=\"2000\" alt=\"\" class=\"slider-3839 slide-3844 msDefaultImage\" title=\"IMG_1849\" \/><\/li>\n            <\/ul>\n        <\/div>\n        \n    <\/div>\n<\/div><\/div>\n","protected":false},"excerpt":{"rendered":"<p>Hier soir, notre commune a v\u00e9cu un moment inoubliable !Plus de 300 convives ont partag\u00e9 un grand repas pr\u00e9par\u00e9 avec les produits de la ferme, Cazaubon \ud83e\udd69 et servi par le comit\u00e9 des f\u00eates La soir\u00e9e s\u2019est poursuivie par un magnifique feu d\u2019artifice avant de se bouger sur la piste de danse.Un grand merci \u00e0 &hellip; <\/p>\n<p><a class=\"more-link btn\" href=\"https:\/\/aubertin.fr\/index.php\/2025\/08\/31\/3845\/\">Lire la suite<\/a><\/p>\n","protected":false},"author":3,"featured_media":3836,"comment_status":"closed","ping_status":"closed","sticky":false,"template":"","format":"standard","meta":{"footnotes":""},"categories":[1],"tags":[],"class_list":["post-3845","post","type-post","status-publish","format-standard","has-post-thumbnail","hentry","category-non-classe","item-wrap"],"_links":{"self":[{"href":"https:\/\/aubertin.fr\/index.php\/wp-json\/wp\/v2\/posts\/3845","targetHints":{"allow":["GET"]}}],"collection":[{"href":"https:\/\/aubertin.fr\/index.php\/wp-json\/wp\/v2\/posts"}],"about":[{"href":"https:\/\/aubertin.fr\/index.php\/wp-json\/wp\/v2\/types\/post"}],"author":[{"embeddable":true,"href":"https:\/\/aubertin.fr\/index.php\/wp-json\/wp\/v2\/users\/3"}],"replies":[{"embeddable":true,"href":"https:\/\/aubertin.fr\/index.php\/wp-json\/wp\/v2\/comments?post=3845"}],"version-history":[{"count":2,"href":"https:\/\/aubertin.fr\/index.php\/wp-json\/wp\/v2\/posts\/3845\/revisions"}],"predecessor-version":[{"id":3848,"href":"https:\/\/aubertin.fr\/index.php\/wp-json\/wp\/v2\/posts\/3845\/revisions\/3848"}],"wp:featuredmedia":[{"embeddable":true,"href":"https:\/\/aubertin.fr\/index.php\/wp-json\/wp\/v2\/media\/3836"}],"wp:attachment":[{"href":"https:\/\/aubertin.fr\/index.php\/wp-json\/wp\/v2\/media?parent=3845"}],"wp:term":[{"taxonomy":"category","embeddable":true,"href":"https:\/\/aubertin.fr\/index.php\/wp-json\/wp\/v2\/categories?post=3845"},{"taxonomy":"post_tag","embeddable":true,"href":"https:\/\/aubertin.fr\/index.php\/wp-json\/wp\/v2\/tags?post=3845"}],"curies":[{"name":"wp","href":"https:\/\/api.w.org\/{rel}","templated":true}]}}