{"id":3863,"date":"2025-09-05T12:13:23","date_gmt":"2025-09-05T10:13:23","guid":{"rendered":"https:\/\/aubertin.fr\/?p=3863"},"modified":"2025-09-05T12:13:24","modified_gmt":"2025-09-05T10:13:24","slug":"operations-de-broyage-en-dechetterie-et-dans-les-quartiers-des-communes","status":"publish","type":"post","link":"https:\/\/aubertin.fr\/index.php\/2025\/09\/05\/operations-de-broyage-en-dechetterie-et-dans-les-quartiers-des-communes\/","title":{"rendered":"Op\u00e9rations de broyage en d\u00e9chetterie et dans les quartiers des communes\u00a0"},"content":{"rendered":"\n<figure class=\"wp-block-table\"><table class=\"has-fixed-layout\"><tbody><tr><td><strong>Entre septembre et novembre 2025, la Communaut\u00e9 d\u2019Agglom\u00e9ration Pau B\u00e9arn Pyr\u00e9n\u00e9es organise 7 op\u00e9rations gratuites de broyage dans 4 d\u00e9chetteries du territoire. Objectif : permettre aux habitants de transformer leurs branchages en broyat, une ressource pr\u00e9cieuse pour r\u00e9duire les d\u00e9chets verts et prendre soin du sol et des plantes du jardin.<\/strong><\/td><\/tr><tr><td>Avec en moyenne 80 kg collect\u00e9s par an et par habitant, les d\u00e9chets verts repr\u00e9sentent aujourd\u2019hui le 1er flux apport\u00e9 en d\u00e9chetterie. Pourtant, ils peuvent \u00eatre facilement valoris\u00e9s sur place gr\u00e2ce \u00e0 des pratiques simples, \u00e9cologiques et \u00e9conomiques.<br><br><strong>Des solutions naturelles pour le jardin<\/strong><br>Dans ce contexte, la Communaut\u00e9 d\u2019Agglom\u00e9ration Pau B\u00e9arn Pyr\u00e9n\u00e9es souhaite promouvoir des solutions vertueuses et de proximit\u00e9 quant \u00e0 la gestion des d\u00e9chets verts sur son territoire. Pour initier cette dynamique,\u00a0<strong>7 op\u00e9rations de broyage sont propos\u00e9es dans 4 des d\u00e9chetteries de l\u2019agglom\u00e9ration entre septembre et novembre 2025.\u00a0<\/strong><br>&#8211;\u00a0Mercredi 10 septembre de 10h \u00e0 14h\u00a0\u00e0 la d\u00e9chetterie de Bizanos,\u00a0<br>&#8211;\u00a0Mercredi 17 septembre de 10h \u00e0 14h\u00a0\u00e0 la plateforme des d\u00e9chets verts d\u2019Emma\u00fcs,\u00a0<br>&#8211;\u00a0Mercredi 24 septembre de 10h \u00e0 14h\u00a0\u00e0 la d\u00e9chetterie de Lescar,\u00a0<br>&#8211;\u00a0Samedi 4 octobre de 9h \u00e0 13h\u00a0\u00e0 la d\u00e9chetterie de Lescar,\u00a0<br>&#8211;\u00a0Samedi 18 octobre de 9h \u00e0 13h\u00a0\u00e0 la d\u00e9chetterie de Pau,\u00a0<br>&#8211;\u00a0Mercredi 5 novembre de 10h \u00e0 14h\u00a0\u00e0 la plateforme des d\u00e9chets verts d\u2019Emma\u00fcs,\u00a0<br>&#8211;\u00a0Mercredi 12 novembre de 10h \u00e0 14h\u00a0\u00e0 la d\u00e9chetterie de Lescar.\u00a0<br><br><br><strong>Le principe est simple<\/strong>\u00a0: venez avec vos branches (1m3 maximum et 12cm de diam\u00e8tre maximum) et des contenants (remorque, grands sacs \u00e0 d\u00e9chets de jardin), vous vous informez sur les techniques alternatives de gestion des d\u00e9chets verts et vous repartez avec du broyat en sachant comment et o\u00f9 l\u2019utiliser. Une inscription en d\u00e9chetterie est n\u00e9cessaire pour acc\u00e9der \u00e0 l\u2019op\u00e9ration et 1 passage sera d\u00e9compt\u00e9 des 24 passages annuels.\u00a0<br><strong>Les rendez-vous du broyage dans les communes<\/strong><br>En parall\u00e8le de ces op\u00e9rations en d\u00e9chetterie,\u00a0<strong>des op\u00e9rations de broyage de proximit\u00e9 vont \u00e9galement avoir lieu dans les communes de Artigueloutan, Bill\u00e8re, Artiguelouve et Gelos.<\/strong><br>Ces op\u00e9rations sont\u00a0<strong>r\u00e9serv\u00e9es aux habitants des communes\u00a0<\/strong>et fonctionnent de la m\u00eame mani\u00e8re que les op\u00e9rations en d\u00e9chetterie : venez avec vos branches (1m3 maximum et 12cm de diam\u00e8tre maximum) et des contenants (remorque, grands sacs \u00e0 d\u00e9chets de jardin), vous vous informez sur les techniques alternatives de gestion des d\u00e9chets verts et vous repartez avec du broyat en sachant comment et o\u00f9 l\u2019utiliser.\u00a0<br>&#8211;\u00a0Samedi 13 septembre de 9h \u00e0 12h30\u00a0\u00e0 Artigueloutan,\u00a0<br>&#8211;\u00a0Mercredi 8 octobre de 9h \u00e0 12h30\u00a0\u00e0 Bill\u00e8re,\u00a0<br>&#8211;\u00a0Mercredi 22 octobre de 9h \u00e0 12h30\u00a0\u00e0 Artiguelouve,<br>\u00a0<br>&#8211;\u00a0Samedi 8 novembre de 9h \u00e0 13h\u00a0\u00e0 Gelos.\u00a0<br><br><br>En participant, vous contribuez \u00e0 une gestion durable et locale des d\u00e9chets verts, tout en transformant vos d\u00e9chets en une v\u00e9ritable ressource pour nourrir et amender le sol de votre jardin.\u00a0<br><br><br>Les points de rendez-vous seront communiqu\u00e9s prochainement sur\u00a0<a href=\"https:\/\/lnk.pmlta-etaa-0.ovh\/vcYhfcZ8sPNp7268kkmCQnQzALGwcTGkn\/109097105114105101064097117098101114116105110046102114\/c25Yn1400557\/document.html\">pau.fr<\/a><\/td><\/tr><\/tbody><\/table><\/figure>\n\n\n\n<figure class=\"wp-block-image size-large\"><img loading=\"lazy\" decoding=\"async\" width=\"724\" height=\"1024\" src=\"http:\/\/aubertin.fr\/wp-content\/uploads\/2025\/09\/operation-broyage-de-quartier-automne-2025-724x1024.jpeg\" alt=\"\" class=\"wp-image-3864\" srcset=\"https:\/\/aubertin.fr\/wp-content\/uploads\/2025\/09\/operation-broyage-de-quartier-automne-2025-724x1024.jpeg 724w, https:\/\/aubertin.fr\/wp-content\/uploads\/2025\/09\/operation-broyage-de-quartier-automne-2025-212x300.jpeg 212w, https:\/\/aubertin.fr\/wp-content\/uploads\/2025\/09\/operation-broyage-de-quartier-automne-2025-768x1086.jpeg 768w, https:\/\/aubertin.fr\/wp-content\/uploads\/2025\/09\/operation-broyage-de-quartier-automne-2025-1086x1536.jpeg 1086w, https:\/\/aubertin.fr\/wp-content\/uploads\/2025\/09\/operation-broyage-de-quartier-automne-2025-555x785.jpeg 555w, https:\/\/aubertin.fr\/wp-content\/uploads\/2025\/09\/operation-broyage-de-quartier-automne-2025.jpeg 1414w\" sizes=\"auto, (max-width: 724px) 100vw, 724px\" \/><\/figure>\n","protected":false},"excerpt":{"rendered":"<p>Entre septembre et novembre 2025, la Communaut\u00e9 d\u2019Agglom\u00e9ration Pau B\u00e9arn Pyr\u00e9n\u00e9es organise 7 op\u00e9rations gratuites de broyage dans 4 d\u00e9chetteries du territoire. Objectif : permettre aux habitants de transformer leurs branchages en broyat, une ressource pr\u00e9cieuse pour r\u00e9duire les d\u00e9chets verts et prendre soin du sol et des plantes du jardin.Avec en moyenne 80 kg &hellip; <\/p>\n<p><a class=\"more-link btn\" href=\"https:\/\/aubertin.fr\/index.php\/2025\/09\/05\/operations-de-broyage-en-dechetterie-et-dans-les-quartiers-des-communes\/\">Lire la suite<\/a><\/p>\n","protected":false},"author":3,"featured_media":3865,"comment_status":"closed","ping_status":"closed","sticky":false,"template":"","format":"standard","meta":{"footnotes":""},"categories":[1],"tags":[],"class_list":["post-3863","post","type-post","status-publish","format-standard","has-post-thumbnail","hentry","category-non-classe","item-wrap"],"_links":{"self":[{"href":"https:\/\/aubertin.fr\/index.php\/wp-json\/wp\/v2\/posts\/3863","targetHints":{"allow":["GET"]}}],"collection":[{"href":"https:\/\/aubertin.fr\/index.php\/wp-json\/wp\/v2\/posts"}],"about":[{"href":"https:\/\/aubertin.fr\/index.php\/wp-json\/wp\/v2\/types\/post"}],"author":[{"embeddable":true,"href":"https:\/\/aubertin.fr\/index.php\/wp-json\/wp\/v2\/users\/3"}],"replies":[{"embeddable":true,"href":"https:\/\/aubertin.fr\/index.php\/wp-json\/wp\/v2\/comments?post=3863"}],"version-history":[{"count":1,"href":"https:\/\/aubertin.fr\/index.php\/wp-json\/wp\/v2\/posts\/3863\/revisions"}],"predecessor-version":[{"id":3866,"href":"https:\/\/aubertin.fr\/index.php\/wp-json\/wp\/v2\/posts\/3863\/revisions\/3866"}],"wp:featuredmedia":[{"embeddable":true,"href":"https:\/\/aubertin.fr\/index.php\/wp-json\/wp\/v2\/media\/3865"}],"wp:attachment":[{"href":"https:\/\/aubertin.fr\/index.php\/wp-json\/wp\/v2\/media?parent=3863"}],"wp:term":[{"taxonomy":"category","embeddable":true,"href":"https:\/\/aubertin.fr\/index.php\/wp-json\/wp\/v2\/categories?post=3863"},{"taxonomy":"post_tag","embeddable":true,"href":"https:\/\/aubertin.fr\/index.php\/wp-json\/wp\/v2\/tags?post=3863"}],"curies":[{"name":"wp","href":"https:\/\/api.w.org\/{rel}","templated":true}]}}