{"id":3963,"date":"2025-10-30T22:44:25","date_gmt":"2025-10-30T21:44:25","guid":{"rendered":"https:\/\/aubertin.fr\/?p=3963"},"modified":"2025-10-30T22:44:25","modified_gmt":"2025-10-30T21:44:25","slug":"les-dechetteries-passent-aux-horaires-dhiver-a-partir-du-26-octobre","status":"publish","type":"post","link":"https:\/\/aubertin.fr\/index.php\/2025\/10\/30\/les-dechetteries-passent-aux-horaires-dhiver-a-partir-du-26-octobre\/","title":{"rendered":"Les d\u00e9chetteries passent aux horaires d\u2019hiver \u00e0 partir du 26 octobre"},"content":{"rendered":"\n<h1 class=\"wp-block-heading\"><\/h1>\n\n\n\n<p>\u00c0 compter du&nbsp;<strong>dimanche 26 octobre<\/strong>, les d\u00e9chetteries de la&nbsp;<strong>Communaut\u00e9 d\u2019Agglom\u00e9ration Pau B\u00e9arn Pyr\u00e9n\u00e9es<\/strong>adoptent leurs&nbsp;<strong>horaires d\u2019hiver<\/strong>, et ce jusqu\u2019au&nbsp;<strong>29 mars<\/strong>.<br>\ud83d\udc49 Les sites de&nbsp;<strong>Pau, Lescar, Juran\u00e7on, Bizanos, Bosdarros<\/strong>&nbsp;ainsi que la&nbsp;<strong>plateforme de d\u00e9chets verts et gravats d\u2019Emma\u00fcs<\/strong>&nbsp;fermeront d\u00e9sormais \u00e0&nbsp;<strong>17h<\/strong>(au lieu de 19h l\u2019\u00e9t\u00e9).<\/p>\n\n\n\n<p>Depuis 2024, les horaires \u00e9voluent au rythme des saisons et chaque d\u00e9chetterie b\u00e9n\u00e9ficie d\u2019un&nbsp;<strong>jour de fermeture hebdomadaire<\/strong>&nbsp;pour l\u2019entretien des sites.<br>Le changement s\u2019effectue \u00e0 chaque passage \u00e0 l\u2019heure d\u2019hiver ou d\u2019\u00e9t\u00e9.<\/p>\n\n\n\n<hr class=\"wp-block-separator has-alpha-channel-opacity\"\/>\n\n\n\n<h2 class=\"wp-block-heading\">\ud83d\udd52&nbsp;<strong>Horaires d\u2019hiver (du 26 octobre au 29 mars)<\/strong><\/h2>\n\n\n\n<p><strong>Pau<\/strong>&nbsp;: L, M, J, V \u2192 10h-17h | Samedi \u2192 9h-17h | Dimanche\/jours f\u00e9ri\u00e9s \u2192 9h-12h | Mardi ferm\u00e9<br><strong>Lescar<\/strong>&nbsp;: L, M, M, V \u2192 10h-17h | Samedi \u2192 9h-17h | Dimanche\/jours f\u00e9ri\u00e9s \u2192 9h-12h | Jeudi ferm\u00e9<br><strong>Bizanos<\/strong>&nbsp;: L, M, M, J \u2192 10h-17h | Samedi \u2192 9h-17h | Dimanche\/jours f\u00e9ri\u00e9s \u2192 9h-12h | Vendredi ferm\u00e9<br><strong>Juran\u00e7on<\/strong>&nbsp;: L, M, J, V \u2192 10h-17h | Samedi \u2192 9h-17h | Dimanche\/jours f\u00e9ri\u00e9s \u2192 9h-12h | Mercredi ferm\u00e9<br><strong>Plateforme Emma\u00fcs<\/strong>&nbsp;: L \u2192 V \u2192 9h-17h | Samedi \u2192 9h-17h | Dimanche\/jours f\u00e9ri\u00e9s \u2192 9h-12h<br><strong>Bosdarros<\/strong>&nbsp;: Mercredi \u2192 9h-13h | Samedi \u2192 9h-17h<\/p>\n\n\n\n<p>\ud83d\uddd3\ufe0f Fermeture exceptionnelle :&nbsp;<strong>25 d\u00e9cembre, 1er janvier et 1er mai.<\/strong><\/p>\n\n\n\n<hr class=\"wp-block-separator has-alpha-channel-opacity\"\/>\n\n\n\n<h2 class=\"wp-block-heading\">\ud83d\udca1&nbsp;<strong>Astuce : \u00e9vitez les heures d\u2019affluence !<\/strong><\/h2>\n\n\n\n<p>Pour gagner du temps, privil\u00e9giez les&nbsp;<strong>p\u00e9riodes creuses<\/strong>&nbsp;:<\/p>\n\n\n\n<ul class=\"wp-block-list\">\n<li>Entre\u00a0<strong>12h et 14h<\/strong><\/li>\n\n\n\n<li>Entre\u00a0<strong>16h et 17h<\/strong><\/li>\n<\/ul>\n\n\n\n<p>Les plages&nbsp;<strong>10h-11h<\/strong>&nbsp;et&nbsp;<strong>15h-16h<\/strong>&nbsp;sont, au contraire, souvent les plus fr\u00e9quent\u00e9es.<\/p>\n\n\n\n<hr class=\"wp-block-separator has-alpha-channel-opacity\"\/>\n\n\n\n<h2 class=\"wp-block-heading\">\ud83c\udf3f&nbsp;<strong>Animations et op\u00e9rations de broyage<\/strong><\/h2>\n\n\n\n<p>Cet automne, la Communaut\u00e9 d\u2019Agglom\u00e9ration propose plusieurs&nbsp;<strong>op\u00e9rations de broyage<\/strong>&nbsp;pour valoriser vos d\u00e9chets verts et vous initier aux bonnes pratiques de jardinage durable.<br>Apportez vos branches (1m\u00b3 maximum, 12 cm de diam\u00e8tre) et repartez avec du&nbsp;<strong>broyat<\/strong>&nbsp;\u00e0 utiliser dans votre jardin !<\/p>\n\n\n\n<p><strong>En d\u00e9chetterie :<\/strong><\/p>\n\n\n\n<ul class=\"wp-block-list\">\n<li>\ud83d\uddd3\ufe0f\u00a0<em>Mercredi 5 novembre<\/em>\u00a0\u2013 10h \u00e0 14h \u2013 Plateforme Emma\u00fcs<\/li>\n\n\n\n<li>\ud83d\uddd3\ufe0f\u00a0<em>Mercredi 12 novembre<\/em>\u00a0\u2013 10h \u00e0 14h \u2013 D\u00e9chetterie de Lescar<\/li>\n<\/ul>\n\n\n\n<p><strong>Dans les communes :<\/strong><\/p>\n\n\n\n<ul class=\"wp-block-list\">\n<li>\ud83d\uddd3\ufe0f\u00a0<em>Mercredi 22 octobre<\/em>\u00a0\u2013 9h \u00e0 12h30 \u2013 Artiguelouve (chemin de la Mairie \/ chemin des \u00c9coles)<\/li>\n\n\n\n<li>\ud83d\uddd3\ufe0f\u00a0<em>Samedi 8 novembre<\/em>\u00a0\u2013 9h \u00e0 13h \u2013 Gelos (parking de la mairie)<\/li>\n<\/ul>\n\n\n\n<p>Une&nbsp;<strong>inscription pr\u00e9alable<\/strong>&nbsp;en d\u00e9chetterie est n\u00e9cessaire (1 passage d\u00e9compt\u00e9 sur les 24 annuels).<\/p>\n\n\n\n<hr class=\"wp-block-separator has-alpha-channel-opacity\"\/>\n\n\n\n<p>\ud83d\udcde&nbsp;<strong>Contact :<\/strong><br>Direction D\u00e9veloppement Durable et D\u00e9chets<br><a href=\"tel:05 59 14 64 30\">05 59 14 64 30<\/a>&nbsp;\u2013&nbsp;<a>collecte@agglo-pau.fr<\/a><br>\ud83c\udf10&nbsp;<a href=\"https:\/\/www.pau.fr\/\">www.pau.fr<\/a><\/p>\n","protected":false},"excerpt":{"rendered":"<p>\u00c0 compter du&nbsp;dimanche 26 octobre, les d\u00e9chetteries de la&nbsp;Communaut\u00e9 d\u2019Agglom\u00e9ration Pau B\u00e9arn Pyr\u00e9n\u00e9esadoptent leurs&nbsp;horaires d\u2019hiver, et ce jusqu\u2019au&nbsp;29 mars.\ud83d\udc49 Les sites de&nbsp;Pau, Lescar, Juran\u00e7on, Bizanos, Bosdarros&nbsp;ainsi que la&nbsp;plateforme de d\u00e9chets verts et gravats d\u2019Emma\u00fcs&nbsp;fermeront d\u00e9sormais \u00e0&nbsp;17h(au lieu de 19h l\u2019\u00e9t\u00e9). Depuis 2024, les horaires \u00e9voluent au rythme des saisons et chaque d\u00e9chetterie b\u00e9n\u00e9ficie d\u2019un&nbsp;jour de &hellip; <\/p>\n<p><a class=\"more-link btn\" href=\"https:\/\/aubertin.fr\/index.php\/2025\/10\/30\/les-dechetteries-passent-aux-horaires-dhiver-a-partir-du-26-octobre\/\">Lire la suite<\/a><\/p>\n","protected":false},"author":3,"featured_media":143,"comment_status":"closed","ping_status":"closed","sticky":false,"template":"","format":"standard","meta":{"footnotes":""},"categories":[1],"tags":[],"class_list":["post-3963","post","type-post","status-publish","format-standard","has-post-thumbnail","hentry","category-non-classe","item-wrap"],"_links":{"self":[{"href":"https:\/\/aubertin.fr\/index.php\/wp-json\/wp\/v2\/posts\/3963","targetHints":{"allow":["GET"]}}],"collection":[{"href":"https:\/\/aubertin.fr\/index.php\/wp-json\/wp\/v2\/posts"}],"about":[{"href":"https:\/\/aubertin.fr\/index.php\/wp-json\/wp\/v2\/types\/post"}],"author":[{"embeddable":true,"href":"https:\/\/aubertin.fr\/index.php\/wp-json\/wp\/v2\/users\/3"}],"replies":[{"embeddable":true,"href":"https:\/\/aubertin.fr\/index.php\/wp-json\/wp\/v2\/comments?post=3963"}],"version-history":[{"count":1,"href":"https:\/\/aubertin.fr\/index.php\/wp-json\/wp\/v2\/posts\/3963\/revisions"}],"predecessor-version":[{"id":3964,"href":"https:\/\/aubertin.fr\/index.php\/wp-json\/wp\/v2\/posts\/3963\/revisions\/3964"}],"wp:featuredmedia":[{"embeddable":true,"href":"https:\/\/aubertin.fr\/index.php\/wp-json\/wp\/v2\/media\/143"}],"wp:attachment":[{"href":"https:\/\/aubertin.fr\/index.php\/wp-json\/wp\/v2\/media?parent=3963"}],"wp:term":[{"taxonomy":"category","embeddable":true,"href":"https:\/\/aubertin.fr\/index.php\/wp-json\/wp\/v2\/categories?post=3963"},{"taxonomy":"post_tag","embeddable":true,"href":"https:\/\/aubertin.fr\/index.php\/wp-json\/wp\/v2\/tags?post=3963"}],"curies":[{"name":"wp","href":"https:\/\/api.w.org\/{rel}","templated":true}]}}