{"id":3989,"date":"2025-11-02T08:28:30","date_gmt":"2025-11-02T07:28:30","guid":{"rendered":"https:\/\/aubertin.fr\/?p=3989"},"modified":"2025-11-02T08:28:30","modified_gmt":"2025-11-02T07:28:30","slug":"ceremonie-du-11-novembre-2025","status":"publish","type":"post","link":"https:\/\/aubertin.fr\/index.php\/2025\/11\/02\/ceremonie-du-11-novembre-2025\/","title":{"rendered":"C\u00e9r\u00e9monie du 11 Novembre 2025"},"content":{"rendered":"\n<p>La commune vous invite \u00e0 participer \u00e0 la comm\u00e9moration de l\u2019Armistice du 11 novembre 1918, en hommage \u00e0 tous les soldats morts pour la France.<\/p>\n\n\n\n<p>Mardi 11 novembre 2025<\/p>\n\n\n\n<p> 11 h 30 : c\u00e9r\u00e9monie religieuse<\/p>\n\n\n\n<p> 11 h 45 : d\u00e9p\u00f4t de gerbe au monument aux morts, suivi du pot de l\u2019amiti\u00e9 offert par la municipalit\u00e9.<\/p>\n\n\n\n<p>\u00c0 l\u2019issue de la c\u00e9r\u00e9monie, une photo sera prise pour le T\u00e9l\u00e9thon 2025, en signe de solidarit\u00e9 et de soutien \u00e0 cette belle cause.<\/p>\n\n\n\n<p>La municipalit\u00e9 vous invite \u00e0 venir nombreux pour partager ce moment de m\u00e9moire, de recueillement et de fraternit\u00e9.<\/p>\n","protected":false},"excerpt":{"rendered":"<p>La commune vous invite \u00e0 participer \u00e0 la comm\u00e9moration de l\u2019Armistice du 11 novembre 1918, en hommage \u00e0 tous les soldats morts pour la France. Mardi 11 novembre 2025 11 h 30 : c\u00e9r\u00e9monie religieuse 11 h 45 : d\u00e9p\u00f4t de gerbe au monument aux morts, suivi du pot de l\u2019amiti\u00e9 offert par la municipalit\u00e9. &hellip; <\/p>\n<p><a class=\"more-link btn\" href=\"https:\/\/aubertin.fr\/index.php\/2025\/11\/02\/ceremonie-du-11-novembre-2025\/\">Lire la suite<\/a><\/p>\n","protected":false},"author":3,"featured_media":543,"comment_status":"closed","ping_status":"closed","sticky":false,"template":"","format":"standard","meta":{"footnotes":""},"categories":[1],"tags":[],"class_list":["post-3989","post","type-post","status-publish","format-standard","has-post-thumbnail","hentry","category-non-classe","item-wrap"],"_links":{"self":[{"href":"https:\/\/aubertin.fr\/index.php\/wp-json\/wp\/v2\/posts\/3989","targetHints":{"allow":["GET"]}}],"collection":[{"href":"https:\/\/aubertin.fr\/index.php\/wp-json\/wp\/v2\/posts"}],"about":[{"href":"https:\/\/aubertin.fr\/index.php\/wp-json\/wp\/v2\/types\/post"}],"author":[{"embeddable":true,"href":"https:\/\/aubertin.fr\/index.php\/wp-json\/wp\/v2\/users\/3"}],"replies":[{"embeddable":true,"href":"https:\/\/aubertin.fr\/index.php\/wp-json\/wp\/v2\/comments?post=3989"}],"version-history":[{"count":1,"href":"https:\/\/aubertin.fr\/index.php\/wp-json\/wp\/v2\/posts\/3989\/revisions"}],"predecessor-version":[{"id":3990,"href":"https:\/\/aubertin.fr\/index.php\/wp-json\/wp\/v2\/posts\/3989\/revisions\/3990"}],"wp:featuredmedia":[{"embeddable":true,"href":"https:\/\/aubertin.fr\/index.php\/wp-json\/wp\/v2\/media\/543"}],"wp:attachment":[{"href":"https:\/\/aubertin.fr\/index.php\/wp-json\/wp\/v2\/media?parent=3989"}],"wp:term":[{"taxonomy":"category","embeddable":true,"href":"https:\/\/aubertin.fr\/index.php\/wp-json\/wp\/v2\/categories?post=3989"},{"taxonomy":"post_tag","embeddable":true,"href":"https:\/\/aubertin.fr\/index.php\/wp-json\/wp\/v2\/tags?post=3989"}],"curies":[{"name":"wp","href":"https:\/\/api.w.org\/{rel}","templated":true}]}}