{"id":4003,"date":"2025-11-12T07:00:00","date_gmt":"2025-11-12T06:00:00","guid":{"rendered":"https:\/\/aubertin.fr\/?p=4003"},"modified":"2025-11-12T06:27:54","modified_gmt":"2025-11-12T05:27:54","slug":"commemoration-du-11-novembre","status":"publish","type":"post","link":"https:\/\/aubertin.fr\/index.php\/2025\/11\/12\/commemoration-du-11-novembre\/","title":{"rendered":"Comm\u00e9moration du 11 novembre"},"content":{"rendered":"\n<p>La commune a rendu hommage aux combattants de la Grande Guerre lors de la c\u00e9r\u00e9monie du 11 novembre.<\/p>\n\n\n\n<p>Apr\u00e8s un temps de recueillement \u00e0 l\u2019\u00e9glise accompagn\u00e9 de chants, le cort\u00e8ge s\u2019est dirig\u00e9 vers le monument aux morts pour le d\u00e9p\u00f4t de la gerbe, suivi de la lecture du message officiel par Madame le Maire, d\u2019une minute de silence et de la Marseillaise.<\/p>\n\n\n\n<p>La pr\u00e9sence de plusieurs enfants a \u00e9t\u00e9 particuli\u00e8rement appr\u00e9ci\u00e9e, t\u00e9moignant de la transmission du devoir de m\u00e9moire aux jeunes g\u00e9n\u00e9rations.<\/p>\n\n\n\n<p>La c\u00e9r\u00e9monie s\u2019est termin\u00e9e dans un moment convivial autour du pot de l\u2019amiti\u00e9 servi \u00e0 la cantine municipale.<\/p>\n\n\n\n<figure class=\"wp-block-video\"><video height=\"1920\" style=\"aspect-ratio: 1080 \/ 1920;\" width=\"1080\" controls src=\"http:\/\/aubertin.fr\/wp-content\/uploads\/2025\/11\/copy_9244E41A-09E8-42BA-A544-B422BD422521-1.mov\"><\/video><\/figure>\n\n\n\n<figure class=\"wp-block-video\"><video height=\"1080\" style=\"aspect-ratio: 1920 \/ 1080;\" width=\"1920\" autoplay controls muted src=\"http:\/\/aubertin.fr\/wp-content\/uploads\/2025\/11\/IMG_2877-1.mov\"><\/video><\/figure>\n\n\n\n<figure class=\"wp-block-video\"><\/figure>\n\n\n\n<figure class=\"wp-block-video\"><\/figure>\n\n\n\n<figure class=\"wp-block-video\"><\/figure>\n\n\n\n<figure class=\"wp-block-video\"><\/figure>\n\n\n\n<figure class=\"wp-block-video\"><\/figure>\n\n\n\n<figure class=\"wp-block-video\"><\/figure>\n\n\n\n<figure class=\"wp-block-video\"><\/figure>\n\n\n\n<figure class=\"wp-block-video\"><\/figure>\n\n\n\n<figure class=\"wp-block-video\"><\/figure>\n\n\n\n<figure class=\"wp-block-video\"><\/figure>\n\n\n\n<figure class=\"wp-block-video\"><\/figure>\n\n\n\n<figure class=\"wp-block-video\"><\/figure>\n\n\n\n<figure class=\"wp-block-video\"><\/figure>\n\n\n\n<figure class=\"wp-block-video\"><\/figure>\n","protected":false},"excerpt":{"rendered":"<p>La commune a rendu hommage aux combattants de la Grande Guerre lors de la c\u00e9r\u00e9monie du 11 novembre. Apr\u00e8s un temps de recueillement \u00e0 l\u2019\u00e9glise accompagn\u00e9 de chants, le cort\u00e8ge s\u2019est dirig\u00e9 vers le monument aux morts pour le d\u00e9p\u00f4t de la gerbe, suivi de la lecture du message officiel par Madame le Maire, d\u2019une &hellip; <\/p>\n<p><a class=\"more-link btn\" href=\"https:\/\/aubertin.fr\/index.php\/2025\/11\/12\/commemoration-du-11-novembre\/\">Lire la suite<\/a><\/p>\n","protected":false},"author":3,"featured_media":4007,"comment_status":"closed","ping_status":"closed","sticky":false,"template":"","format":"standard","meta":{"footnotes":""},"categories":[1],"tags":[],"class_list":["post-4003","post","type-post","status-publish","format-standard","has-post-thumbnail","hentry","category-non-classe","item-wrap"],"_links":{"self":[{"href":"https:\/\/aubertin.fr\/index.php\/wp-json\/wp\/v2\/posts\/4003","targetHints":{"allow":["GET"]}}],"collection":[{"href":"https:\/\/aubertin.fr\/index.php\/wp-json\/wp\/v2\/posts"}],"about":[{"href":"https:\/\/aubertin.fr\/index.php\/wp-json\/wp\/v2\/types\/post"}],"author":[{"embeddable":true,"href":"https:\/\/aubertin.fr\/index.php\/wp-json\/wp\/v2\/users\/3"}],"replies":[{"embeddable":true,"href":"https:\/\/aubertin.fr\/index.php\/wp-json\/wp\/v2\/comments?post=4003"}],"version-history":[{"count":1,"href":"https:\/\/aubertin.fr\/index.php\/wp-json\/wp\/v2\/posts\/4003\/revisions"}],"predecessor-version":[{"id":4017,"href":"https:\/\/aubertin.fr\/index.php\/wp-json\/wp\/v2\/posts\/4003\/revisions\/4017"}],"wp:featuredmedia":[{"embeddable":true,"href":"https:\/\/aubertin.fr\/index.php\/wp-json\/wp\/v2\/media\/4007"}],"wp:attachment":[{"href":"https:\/\/aubertin.fr\/index.php\/wp-json\/wp\/v2\/media?parent=4003"}],"wp:term":[{"taxonomy":"category","embeddable":true,"href":"https:\/\/aubertin.fr\/index.php\/wp-json\/wp\/v2\/categories?post=4003"},{"taxonomy":"post_tag","embeddable":true,"href":"https:\/\/aubertin.fr\/index.php\/wp-json\/wp\/v2\/tags?post=4003"}],"curies":[{"name":"wp","href":"https:\/\/api.w.org\/{rel}","templated":true}]}}