{"id":4018,"date":"2025-11-12T08:00:00","date_gmt":"2025-11-12T07:00:00","guid":{"rendered":"https:\/\/aubertin.fr\/?p=4018"},"modified":"2025-11-12T06:36:24","modified_gmt":"2025-11-12T05:36:24","slug":"48e-cafe-de-lemploi-jeudi-20-novembre-2025-a-pau","status":"publish","type":"post","link":"https:\/\/aubertin.fr\/index.php\/2025\/11\/12\/48e-cafe-de-lemploi-jeudi-20-novembre-2025-a-pau\/","title":{"rendered":"48e Caf\u00e9 de l\u2019Emploi \u2013 Jeudi 20 novembre 2025 \u00e0 Pau"},"content":{"rendered":"\n<p>La Communaut\u00e9 d\u2019Agglom\u00e9ration Pau B\u00e9arn Pyr\u00e9n\u00e9es et l\u2019association A.CO.R organisent la 48e \u00e9dition du Caf\u00e9 de l\u2019Emploi le jeudi 20 novembre 2025, de 9h00 \u00e0 12h00, \u00e0 l\u2019\u00c9lan B\u00e9arnais Pau Nord Est \u2013 Salle Bruno Tarricq,<\/p>\n\n\n\n<p>22 avenue Pierre Mass\u00e9 \u2013 64000 Pau.<\/p>\n\n\n\n<p>Cet \u00e9v\u00e9nement permet aux candidats de rencontrer directement des recruteurs et d\u2019\u00e9changer sur leurs parcours et leurs projets professionnels dans un cadre convivial.<\/p>\n\n\n\n<p>\u26a0\ufe0f Le nombre de places \u00e9tant limit\u00e9, les candidats doivent s\u2019inscrire eux-m\u00eames en appelant le 05 59 82 82 02 et s\u2019assurer d\u2019\u00eatre disponibles le jour de l\u2019\u00e9v\u00e9nement.<\/p>\n\n\n\n<figure class=\"wp-block-image size-large\"><img loading=\"lazy\" decoding=\"async\" width=\"725\" height=\"1024\" src=\"http:\/\/aubertin.fr\/wp-content\/uploads\/2025\/11\/IMG_2913-725x1024.jpeg\" alt=\"\" class=\"wp-image-4019\" srcset=\"https:\/\/aubertin.fr\/wp-content\/uploads\/2025\/11\/IMG_2913-725x1024.jpeg 725w, https:\/\/aubertin.fr\/wp-content\/uploads\/2025\/11\/IMG_2913-212x300.jpeg 212w, https:\/\/aubertin.fr\/wp-content\/uploads\/2025\/11\/IMG_2913-768x1085.jpeg 768w, https:\/\/aubertin.fr\/wp-content\/uploads\/2025\/11\/IMG_2913-1087x1536.jpeg 1087w, https:\/\/aubertin.fr\/wp-content\/uploads\/2025\/11\/IMG_2913-1449x2048.jpeg 1449w, https:\/\/aubertin.fr\/wp-content\/uploads\/2025\/11\/IMG_2913-555x784.jpeg 555w, https:\/\/aubertin.fr\/wp-content\/uploads\/2025\/11\/IMG_2913.jpeg 1755w\" sizes=\"auto, (max-width: 725px) 100vw, 725px\" \/><\/figure>\n\n\n\n<figure class=\"wp-block-image size-large\"><img loading=\"lazy\" decoding=\"async\" width=\"725\" height=\"1024\" src=\"http:\/\/aubertin.fr\/wp-content\/uploads\/2025\/11\/IMG_2914-725x1024.jpeg\" alt=\"\" class=\"wp-image-4020\" srcset=\"https:\/\/aubertin.fr\/wp-content\/uploads\/2025\/11\/IMG_2914-725x1024.jpeg 725w, https:\/\/aubertin.fr\/wp-content\/uploads\/2025\/11\/IMG_2914-212x300.jpeg 212w, https:\/\/aubertin.fr\/wp-content\/uploads\/2025\/11\/IMG_2914-768x1085.jpeg 768w, https:\/\/aubertin.fr\/wp-content\/uploads\/2025\/11\/IMG_2914-1087x1536.jpeg 1087w, https:\/\/aubertin.fr\/wp-content\/uploads\/2025\/11\/IMG_2914-1449x2048.jpeg 1449w, https:\/\/aubertin.fr\/wp-content\/uploads\/2025\/11\/IMG_2914-555x784.jpeg 555w, https:\/\/aubertin.fr\/wp-content\/uploads\/2025\/11\/IMG_2914.jpeg 1755w\" sizes=\"auto, (max-width: 725px) 100vw, 725px\" \/><\/figure>\n\n\n\n<p><\/p>\n","protected":false},"excerpt":{"rendered":"<p>La Communaut\u00e9 d\u2019Agglom\u00e9ration Pau B\u00e9arn Pyr\u00e9n\u00e9es et l\u2019association A.CO.R organisent la 48e \u00e9dition du Caf\u00e9 de l\u2019Emploi le jeudi 20 novembre 2025, de 9h00 \u00e0 12h00, \u00e0 l\u2019\u00c9lan B\u00e9arnais Pau Nord Est \u2013 Salle Bruno Tarricq, 22 avenue Pierre Mass\u00e9 \u2013 64000 Pau. Cet \u00e9v\u00e9nement permet aux candidats de rencontrer directement des recruteurs et d\u2019\u00e9changer &hellip; <\/p>\n<p><a class=\"more-link btn\" href=\"https:\/\/aubertin.fr\/index.php\/2025\/11\/12\/48e-cafe-de-lemploi-jeudi-20-novembre-2025-a-pau\/\">Lire la suite<\/a><\/p>\n","protected":false},"author":3,"featured_media":4019,"comment_status":"closed","ping_status":"closed","sticky":false,"template":"","format":"standard","meta":{"footnotes":""},"categories":[1],"tags":[],"class_list":["post-4018","post","type-post","status-publish","format-standard","has-post-thumbnail","hentry","category-non-classe","item-wrap"],"_links":{"self":[{"href":"https:\/\/aubertin.fr\/index.php\/wp-json\/wp\/v2\/posts\/4018","targetHints":{"allow":["GET"]}}],"collection":[{"href":"https:\/\/aubertin.fr\/index.php\/wp-json\/wp\/v2\/posts"}],"about":[{"href":"https:\/\/aubertin.fr\/index.php\/wp-json\/wp\/v2\/types\/post"}],"author":[{"embeddable":true,"href":"https:\/\/aubertin.fr\/index.php\/wp-json\/wp\/v2\/users\/3"}],"replies":[{"embeddable":true,"href":"https:\/\/aubertin.fr\/index.php\/wp-json\/wp\/v2\/comments?post=4018"}],"version-history":[{"count":1,"href":"https:\/\/aubertin.fr\/index.php\/wp-json\/wp\/v2\/posts\/4018\/revisions"}],"predecessor-version":[{"id":4021,"href":"https:\/\/aubertin.fr\/index.php\/wp-json\/wp\/v2\/posts\/4018\/revisions\/4021"}],"wp:featuredmedia":[{"embeddable":true,"href":"https:\/\/aubertin.fr\/index.php\/wp-json\/wp\/v2\/media\/4019"}],"wp:attachment":[{"href":"https:\/\/aubertin.fr\/index.php\/wp-json\/wp\/v2\/media?parent=4018"}],"wp:term":[{"taxonomy":"category","embeddable":true,"href":"https:\/\/aubertin.fr\/index.php\/wp-json\/wp\/v2\/categories?post=4018"},{"taxonomy":"post_tag","embeddable":true,"href":"https:\/\/aubertin.fr\/index.php\/wp-json\/wp\/v2\/tags?post=4018"}],"curies":[{"name":"wp","href":"https:\/\/api.w.org\/{rel}","templated":true}]}}