{"id":4030,"date":"2025-11-17T20:49:59","date_gmt":"2025-11-17T19:49:59","guid":{"rendered":"https:\/\/aubertin.fr\/?p=4030"},"modified":"2025-11-17T20:50:00","modified_gmt":"2025-11-17T19:50:00","slug":"deces-de-m-pedelacq","status":"publish","type":"post","link":"https:\/\/aubertin.fr\/index.php\/2025\/11\/17\/deces-de-m-pedelacq\/","title":{"rendered":"D\u00e9c\u00e8s de M. Pedelacq"},"content":{"rendered":"\n<p>M. P\u00c9DELACQ Marcel nous a quitt\u00e9 dans sa 91\u00e8me ann\u00e9e.<\/p>\n\n\n\n<p>Les obs\u00e8ques auront lieu \u00e0&nbsp;l&rsquo;\u00e9glise d&rsquo;Aubertin&nbsp;le&nbsp;jeudi 20 novembre 2025 \u00e0 14h30&nbsp;.<\/p>\n\n\n\n<p>Le conseil municipal pr\u00e9sente ses sinc\u00e8res condol\u00e9ances et s\u2019associe \u00e0 la peine de la famille.<\/p>\n\n\n\n<p><\/p>\n\n\n\n<p><\/p>\n\n\n\n<p><\/p>\n\n\n\n<p><\/p>\n\n\n\n<p><\/p>\n","protected":false},"excerpt":{"rendered":"<p>M. P\u00c9DELACQ Marcel nous a quitt\u00e9 dans sa 91\u00e8me ann\u00e9e. Les obs\u00e8ques auront lieu \u00e0&nbsp;l&rsquo;\u00e9glise d&rsquo;Aubertin&nbsp;le&nbsp;jeudi 20 novembre 2025 \u00e0 14h30&nbsp;. Le conseil municipal pr\u00e9sente ses sinc\u00e8res condol\u00e9ances et s\u2019associe \u00e0 la peine de la famille.<\/p>\n","protected":false},"author":3,"featured_media":926,"comment_status":"closed","ping_status":"closed","sticky":false,"template":"","format":"standard","meta":{"footnotes":""},"categories":[1],"tags":[],"class_list":["post-4030","post","type-post","status-publish","format-standard","has-post-thumbnail","hentry","category-non-classe","item-wrap"],"_links":{"self":[{"href":"https:\/\/aubertin.fr\/index.php\/wp-json\/wp\/v2\/posts\/4030","targetHints":{"allow":["GET"]}}],"collection":[{"href":"https:\/\/aubertin.fr\/index.php\/wp-json\/wp\/v2\/posts"}],"about":[{"href":"https:\/\/aubertin.fr\/index.php\/wp-json\/wp\/v2\/types\/post"}],"author":[{"embeddable":true,"href":"https:\/\/aubertin.fr\/index.php\/wp-json\/wp\/v2\/users\/3"}],"replies":[{"embeddable":true,"href":"https:\/\/aubertin.fr\/index.php\/wp-json\/wp\/v2\/comments?post=4030"}],"version-history":[{"count":1,"href":"https:\/\/aubertin.fr\/index.php\/wp-json\/wp\/v2\/posts\/4030\/revisions"}],"predecessor-version":[{"id":4031,"href":"https:\/\/aubertin.fr\/index.php\/wp-json\/wp\/v2\/posts\/4030\/revisions\/4031"}],"wp:featuredmedia":[{"embeddable":true,"href":"https:\/\/aubertin.fr\/index.php\/wp-json\/wp\/v2\/media\/926"}],"wp:attachment":[{"href":"https:\/\/aubertin.fr\/index.php\/wp-json\/wp\/v2\/media?parent=4030"}],"wp:term":[{"taxonomy":"category","embeddable":true,"href":"https:\/\/aubertin.fr\/index.php\/wp-json\/wp\/v2\/categories?post=4030"},{"taxonomy":"post_tag","embeddable":true,"href":"https:\/\/aubertin.fr\/index.php\/wp-json\/wp\/v2\/tags?post=4030"}],"curies":[{"name":"wp","href":"https:\/\/api.w.org\/{rel}","templated":true}]}}