{"id":4036,"date":"2025-11-14T08:23:10","date_gmt":"2025-11-14T07:23:10","guid":{"rendered":"https:\/\/aubertin.fr\/?p=4036"},"modified":"2025-11-19T08:24:23","modified_gmt":"2025-11-19T07:24:23","slug":"suspicion-de-panne-telecom-du-14-11-2025-sur-dept-64-aubertin-et-environs","status":"publish","type":"post","link":"https:\/\/aubertin.fr\/index.php\/2025\/11\/14\/suspicion-de-panne-telecom-du-14-11-2025-sur-dept-64-aubertin-et-environs\/","title":{"rendered":"Suspicion de Panne T\u00e9l\u00e9com du 14\/11\/2025 sur Dept. 64 : AUBERTIN et environs."},"content":{"rendered":"\n<p>Je souhaite vous informer qu&rsquo;<strong>une panne pourrait affecter&nbsp;<\/strong>vos territoires en<strong>&nbsp;ce vendredi 14 novembre 2025<\/strong>, impactant les services de t\u00e9l\u00e9phonie, internet et communications en ligne de nos clients&nbsp;<strong>ORANGE<\/strong>.<\/p>\n\n\n\n<p><strong><u>Notez qu\u2019il peut s\u2019agir d\u2019une panne sur le r\u00e9seau \u00e9lectrique du quartier concern\u00e9<\/u><\/strong><strong>.<\/strong><strong><\/strong><\/p>\n\n\n\n<p>Les \u00e9quipes techniques de l\u2019<strong>Op\u00e9rateur d\u2019Infrastructure (OI) de la zone concern\u00e9e<\/strong>&nbsp;seront sollicit\u00e9es si n\u00e9cessaire -selon la localisation du d\u00e9faut constat\u00e9- par les&nbsp;<strong>Op\u00e9rateurs Commerciaux<\/strong>&nbsp;<strong>(OC)<\/strong>&nbsp;des clients concern\u00e9s, pour identifier et r\u00e9soudre le d\u00e9rangement collectif au plus vite.<\/p>\n\n\n\n<p>Nous invitons&nbsp;<strong>les administr\u00e9s concern\u00e9s<\/strong><strong>&nbsp;\u00e0 contacter le service client de leur Op\u00e9rateur Commercial<\/strong>(coordonn\u00e9es figurant sur leur facture) pour signaler leur situation.<\/p>\n\n\n\n<p><strong>Rappel important&nbsp;:<\/strong><\/p>\n\n\n\n<p>Pour tout c\u00e2ble cuivre ou fibre coup\u00e9 ou endommag\u00e9 sans danger imm\u00e9diat, les administr\u00e9s doivent signaler l\u2019incident directement aupr\u00e8s de leur Op\u00e9rateur Commercial.&nbsp;<\/p>\n\n\n\n<p>Sans cette d\u00e9marche, la r\u00e9paration ne pourra \u00eatre effectu\u00e9e par l\u2019Op\u00e9rateur d\u2019Infrastructure concern\u00e9, responsable de la zone.&nbsp;&nbsp;<\/p>\n","protected":false},"excerpt":{"rendered":"<p>Je souhaite vous informer qu&rsquo;une panne pourrait affecter&nbsp;vos territoires en&nbsp;ce vendredi 14 novembre 2025, impactant les services de t\u00e9l\u00e9phonie, internet et communications en ligne de nos clients&nbsp;ORANGE. Notez qu\u2019il peut s\u2019agir d\u2019une panne sur le r\u00e9seau \u00e9lectrique du quartier concern\u00e9. Les \u00e9quipes techniques de l\u2019Op\u00e9rateur d\u2019Infrastructure (OI) de la zone concern\u00e9e&nbsp;seront sollicit\u00e9es si n\u00e9cessaire -selon &hellip; <\/p>\n<p><a class=\"more-link btn\" href=\"https:\/\/aubertin.fr\/index.php\/2025\/11\/14\/suspicion-de-panne-telecom-du-14-11-2025-sur-dept-64-aubertin-et-environs\/\">Lire la suite<\/a><\/p>\n","protected":false},"author":3,"featured_media":0,"comment_status":"closed","ping_status":"closed","sticky":false,"template":"","format":"standard","meta":{"footnotes":""},"categories":[1],"tags":[],"class_list":["post-4036","post","type-post","status-publish","format-standard","hentry","category-non-classe","item-wrap"],"_links":{"self":[{"href":"https:\/\/aubertin.fr\/index.php\/wp-json\/wp\/v2\/posts\/4036","targetHints":{"allow":["GET"]}}],"collection":[{"href":"https:\/\/aubertin.fr\/index.php\/wp-json\/wp\/v2\/posts"}],"about":[{"href":"https:\/\/aubertin.fr\/index.php\/wp-json\/wp\/v2\/types\/post"}],"author":[{"embeddable":true,"href":"https:\/\/aubertin.fr\/index.php\/wp-json\/wp\/v2\/users\/3"}],"replies":[{"embeddable":true,"href":"https:\/\/aubertin.fr\/index.php\/wp-json\/wp\/v2\/comments?post=4036"}],"version-history":[{"count":1,"href":"https:\/\/aubertin.fr\/index.php\/wp-json\/wp\/v2\/posts\/4036\/revisions"}],"predecessor-version":[{"id":4037,"href":"https:\/\/aubertin.fr\/index.php\/wp-json\/wp\/v2\/posts\/4036\/revisions\/4037"}],"wp:attachment":[{"href":"https:\/\/aubertin.fr\/index.php\/wp-json\/wp\/v2\/media?parent=4036"}],"wp:term":[{"taxonomy":"category","embeddable":true,"href":"https:\/\/aubertin.fr\/index.php\/wp-json\/wp\/v2\/categories?post=4036"},{"taxonomy":"post_tag","embeddable":true,"href":"https:\/\/aubertin.fr\/index.php\/wp-json\/wp\/v2\/tags?post=4036"}],"curies":[{"name":"wp","href":"https:\/\/api.w.org\/{rel}","templated":true}]}}