{"id":4050,"date":"2025-11-29T17:45:00","date_gmt":"2025-11-29T16:45:00","guid":{"rendered":"https:\/\/aubertin.fr\/?p=4050"},"modified":"2025-11-29T17:01:23","modified_gmt":"2025-11-29T16:01:23","slug":"presence-de-la-brigade-territoriale-mobile","status":"publish","type":"post","link":"https:\/\/aubertin.fr\/index.php\/2025\/11\/29\/presence-de-la-brigade-territoriale-mobile\/","title":{"rendered":"Pr\u00e9sence de la Brigade Territoriale Mobile"},"content":{"rendered":"\n<p>La Commune informe ses administr\u00e9s que la Brigade territoriale mobile des Gaves et Coteaux assurera un accueil du public \u00e0 Lasseube, lors du march\u00e9 local, le jeudi 11 d\u00e9cembre, de 16 h \u00e0 18 h 30.<\/p>\n\n\n\n<p>Les agents seront pr\u00e9sents pour renseigner le public et recueillir d\u2019\u00e9ventuelles plaintes.<\/p>\n\n\n\n<figure class=\"wp-block-image size-full\"><img loading=\"lazy\" decoding=\"async\" width=\"199\" height=\"137\" src=\"http:\/\/aubertin.fr\/wp-content\/uploads\/2025\/11\/knignnflmabjapmf.png\" alt=\"\" class=\"wp-image-4049\"\/><\/figure>\n","protected":false},"excerpt":{"rendered":"<p>La Commune informe ses administr\u00e9s que la Brigade territoriale mobile des Gaves et Coteaux assurera un accueil du public \u00e0 Lasseube, lors du march\u00e9 local, le jeudi 11 d\u00e9cembre, de 16 h \u00e0 18 h 30. Les agents seront pr\u00e9sents pour renseigner le public et recueillir d\u2019\u00e9ventuelles plaintes.<\/p>\n","protected":false},"author":3,"featured_media":4049,"comment_status":"closed","ping_status":"closed","sticky":false,"template":"","format":"standard","meta":{"footnotes":""},"categories":[1],"tags":[],"class_list":["post-4050","post","type-post","status-publish","format-standard","has-post-thumbnail","hentry","category-non-classe","item-wrap"],"_links":{"self":[{"href":"https:\/\/aubertin.fr\/index.php\/wp-json\/wp\/v2\/posts\/4050","targetHints":{"allow":["GET"]}}],"collection":[{"href":"https:\/\/aubertin.fr\/index.php\/wp-json\/wp\/v2\/posts"}],"about":[{"href":"https:\/\/aubertin.fr\/index.php\/wp-json\/wp\/v2\/types\/post"}],"author":[{"embeddable":true,"href":"https:\/\/aubertin.fr\/index.php\/wp-json\/wp\/v2\/users\/3"}],"replies":[{"embeddable":true,"href":"https:\/\/aubertin.fr\/index.php\/wp-json\/wp\/v2\/comments?post=4050"}],"version-history":[{"count":1,"href":"https:\/\/aubertin.fr\/index.php\/wp-json\/wp\/v2\/posts\/4050\/revisions"}],"predecessor-version":[{"id":4051,"href":"https:\/\/aubertin.fr\/index.php\/wp-json\/wp\/v2\/posts\/4050\/revisions\/4051"}],"wp:featuredmedia":[{"embeddable":true,"href":"https:\/\/aubertin.fr\/index.php\/wp-json\/wp\/v2\/media\/4049"}],"wp:attachment":[{"href":"https:\/\/aubertin.fr\/index.php\/wp-json\/wp\/v2\/media?parent=4050"}],"wp:term":[{"taxonomy":"category","embeddable":true,"href":"https:\/\/aubertin.fr\/index.php\/wp-json\/wp\/v2\/categories?post=4050"},{"taxonomy":"post_tag","embeddable":true,"href":"https:\/\/aubertin.fr\/index.php\/wp-json\/wp\/v2\/tags?post=4050"}],"curies":[{"name":"wp","href":"https:\/\/api.w.org\/{rel}","templated":true}]}}