{"id":4058,"date":"2025-12-01T20:50:59","date_gmt":"2025-12-01T19:50:59","guid":{"rendered":"https:\/\/aubertin.fr\/?p=4058"},"modified":"2025-12-01T20:51:00","modified_gmt":"2025-12-01T19:51:00","slug":"telethon-2025","status":"publish","type":"post","link":"https:\/\/aubertin.fr\/index.php\/2025\/12\/01\/telethon-2025\/","title":{"rendered":"T\u00e9l\u00e9thon 2025"},"content":{"rendered":"\n<p>La commune se mobilise \u00e0 l\u2019occasion du T\u00e9l\u00e9thon les vendredi 5 et samedi 6 d\u00e9cembre.<\/p>\n\n\n\n<ul class=\"wp-block-list\">\n<li>Marche solidaire : d\u00e9part \u00e0 partir de 18h, pour un parcours de 3,7 km.<\/li>\n\n\n\n<li>Nouveaut\u00e9 2025 : le samedi matin, de 8h45 \u00e0 12h, les sapeurs-pompiers proposeront un lavage de voitures solidaire au profit du T\u00e9l\u00e9thon.<\/li>\n<\/ul>\n\n\n\n<p>Nous vous invitons \u00e0 participer nombreux afin de soutenir la recherche et les actions men\u00e9es dans le cadre du T\u00e9l\u00e9thon.<\/p>\n\n\n\n<figure class=\"wp-block-image size-large\"><img loading=\"lazy\" decoding=\"async\" width=\"724\" height=\"1024\" src=\"http:\/\/aubertin.fr\/wp-content\/uploads\/2025\/12\/Aubertin-724x1024.png\" alt=\"\" class=\"wp-image-4059\" srcset=\"https:\/\/aubertin.fr\/wp-content\/uploads\/2025\/12\/Aubertin-724x1024.png 724w, https:\/\/aubertin.fr\/wp-content\/uploads\/2025\/12\/Aubertin-212x300.png 212w, https:\/\/aubertin.fr\/wp-content\/uploads\/2025\/12\/Aubertin-768x1086.png 768w, https:\/\/aubertin.fr\/wp-content\/uploads\/2025\/12\/Aubertin-1086x1536.png 1086w, https:\/\/aubertin.fr\/wp-content\/uploads\/2025\/12\/Aubertin-1448x2048.png 1448w, https:\/\/aubertin.fr\/wp-content\/uploads\/2025\/12\/Aubertin-555x785.png 555w, https:\/\/aubertin.fr\/wp-content\/uploads\/2025\/12\/Aubertin.png 1587w\" sizes=\"auto, (max-width: 724px) 100vw, 724px\" \/><\/figure>\n","protected":false},"excerpt":{"rendered":"<p>La commune se mobilise \u00e0 l\u2019occasion du T\u00e9l\u00e9thon les vendredi 5 et samedi 6 d\u00e9cembre. Marche solidaire : d\u00e9part \u00e0 partir de 18h, pour un parcours de 3,7 km. Nouveaut\u00e9 2025 : le samedi matin, de 8h45 \u00e0 12h, les sapeurs-pompiers proposeront un lavage de voitures solidaire au profit du T\u00e9l\u00e9thon. Nous vous invitons \u00e0 &hellip; <\/p>\n<p><a class=\"more-link btn\" href=\"https:\/\/aubertin.fr\/index.php\/2025\/12\/01\/telethon-2025\/\">Lire la suite<\/a><\/p>\n","protected":false},"author":3,"featured_media":4060,"comment_status":"closed","ping_status":"closed","sticky":false,"template":"","format":"standard","meta":{"footnotes":""},"categories":[1],"tags":[],"class_list":["post-4058","post","type-post","status-publish","format-standard","has-post-thumbnail","hentry","category-non-classe","item-wrap"],"_links":{"self":[{"href":"https:\/\/aubertin.fr\/index.php\/wp-json\/wp\/v2\/posts\/4058","targetHints":{"allow":["GET"]}}],"collection":[{"href":"https:\/\/aubertin.fr\/index.php\/wp-json\/wp\/v2\/posts"}],"about":[{"href":"https:\/\/aubertin.fr\/index.php\/wp-json\/wp\/v2\/types\/post"}],"author":[{"embeddable":true,"href":"https:\/\/aubertin.fr\/index.php\/wp-json\/wp\/v2\/users\/3"}],"replies":[{"embeddable":true,"href":"https:\/\/aubertin.fr\/index.php\/wp-json\/wp\/v2\/comments?post=4058"}],"version-history":[{"count":1,"href":"https:\/\/aubertin.fr\/index.php\/wp-json\/wp\/v2\/posts\/4058\/revisions"}],"predecessor-version":[{"id":4061,"href":"https:\/\/aubertin.fr\/index.php\/wp-json\/wp\/v2\/posts\/4058\/revisions\/4061"}],"wp:featuredmedia":[{"embeddable":true,"href":"https:\/\/aubertin.fr\/index.php\/wp-json\/wp\/v2\/media\/4060"}],"wp:attachment":[{"href":"https:\/\/aubertin.fr\/index.php\/wp-json\/wp\/v2\/media?parent=4058"}],"wp:term":[{"taxonomy":"category","embeddable":true,"href":"https:\/\/aubertin.fr\/index.php\/wp-json\/wp\/v2\/categories?post=4058"},{"taxonomy":"post_tag","embeddable":true,"href":"https:\/\/aubertin.fr\/index.php\/wp-json\/wp\/v2\/tags?post=4058"}],"curies":[{"name":"wp","href":"https:\/\/api.w.org\/{rel}","templated":true}]}}